{"id":7832,"date":"2018-01-10T09:00:35","date_gmt":"2018-01-10T09:00:35","guid":{"rendered":"http:\/\/blogdorogeriogomes.com.br\/?p=7832"},"modified":"2018-01-10T09:00:35","modified_gmt":"2018-01-10T09:00:35","slug":"projecao-do-inpe-nao-e-animadora-para-a-quadra-chuvosa-de-2018","status":"publish","type":"post","link":"https:\/\/blogdorogeriogomes.com.br\/noticias\/2018\/01\/projecao-do-inpe-nao-e-animadora-para-a-quadra-chuvosa-de-2018\/","title":{"rendered":"Proje\u00e7\u00e3o do Inpe n\u00e3o \u00e9 animadora para a quadra chuvosa de 2018"},"content":{"rendered":"<p><img loading=\"lazy\" decoding=\"async\" class=\"alignnone size-medium wp-image-7833\" src=\"http:\/\/blogdorogeriogomes.com.br\/wp-content\/uploads\/2018\/01\/images-69-300x181.jpeg\" alt=\"images (69)\" width=\"300\" height=\"181\" srcset=\"https:\/\/blogdorogeriogomes.com.br\/noticias\/wp-content\/uploads\/2018\/01\/images-69-300x181.jpeg 300w, https:\/\/blogdorogeriogomes.com.br\/noticias\/wp-content\/uploads\/2018\/01\/images-69.jpeg 494w\" sizes=\"auto, (max-width: 300px) 100vw, 300px\" \/><\/p>\n<p><span style=\"font-weight: 400;\">A Funceme s\u00f3 vai divulgar a sua previs\u00e3o para a quadra chuvosa de 2018 no pr\u00f3ximo dia 19 de janeiro. No entanto, o Instituto Nacional de Pesquisa Espaciais (Inpe) anunciou uma proje\u00e7\u00e3o para os pr\u00f3ximos tr\u00eas meses nada animadora. Segundo o instituto, a previs\u00e3o de chuvas para o primeiro trimestre de 2018 (janeiro, fevereiro e mar\u00e7o), est\u00e1 40% abaixo do esperado, 35% dentro do esperado e 25% acima da m\u00e9dia para a regi\u00e3o Nordeste.<\/span><\/p>\n<p><span style=\"font-weight: 400;\">Em rela\u00e7\u00e3o \u00e0s precipita\u00e7\u00f5es da pr\u00e9 esta\u00e7\u00e3o, Fortaleza s\u00f3 registrou um ac\u00famulo de 14,6 mil\u00edmetros em dezembro passado. Ainda muito pouco para qualquer efeito de reposi\u00e7\u00e3o de reservat\u00f3rios.<\/span><\/p>\n<p><span style=\"font-weight: 400;\">Enquanto isso, as chuvas de pr\u00e9-esta\u00e7\u00e3o continuam banhando o Cear\u00e1. A Funceme registrou chuva em 51 munic\u00edpios na ter\u00e7a-feira, dia 9 de janeiro. As tr\u00eas maiores foram em Beberibe (60mm), Lavras da Mangabeira e Iracema (30mm).<\/span><\/p>\n<p><span style=\"font-weight: 400;\">\u00c9 torcer que as proje\u00e7\u00f5es a serem anunciadas pela Funceme tragam mais esperan\u00e7a para o cearense.<\/span><\/p>\n","protected":false},"excerpt":{"rendered":"<p>A Funceme s\u00f3 vai divulgar a sua previs\u00e3o para a quadra chuvosa de 2018 no pr\u00f3ximo dia 19 de janeiro. No entanto, o Instituto Nacional de Pesquisa Espaciais (Inpe) anunciou uma proje\u00e7\u00e3o para os pr\u00f3ximos tr\u00eas meses nada animadora. Segundo o instituto, a previs\u00e3o de chuvas para o primeiro trimestre de 2018 (janeiro, fevereiro e mar\u00e7o), est\u00e1 40% abaixo do esperado, 35% dentro do esperado e 25% acima da m\u00e9dia para a regi\u00e3o Nordeste. Em rela\u00e7\u00e3o \u00e0s precipita\u00e7\u00f5es da&hellip;<\/p>\n","protected":false},"author":1,"featured_media":0,"comment_status":"open","ping_status":"open","sticky":false,"template":"","format":"standard","meta":{"footnotes":""},"categories":[1],"tags":[],"class_list":["post-7832","post","type-post","status-publish","format-standard","hentry","category-noticias"],"_links":{"self":[{"href":"https:\/\/blogdorogeriogomes.com.br\/noticias\/wp-json\/wp\/v2\/posts\/7832","targetHints":{"allow":["GET"]}}],"collection":[{"href":"https:\/\/blogdorogeriogomes.com.br\/noticias\/wp-json\/wp\/v2\/posts"}],"about":[{"href":"https:\/\/blogdorogeriogomes.com.br\/noticias\/wp-json\/wp\/v2\/types\/post"}],"author":[{"embeddable":true,"href":"https:\/\/blogdorogeriogomes.com.br\/noticias\/wp-json\/wp\/v2\/users\/1"}],"replies":[{"embeddable":true,"href":"https:\/\/blogdorogeriogomes.com.br\/noticias\/wp-json\/wp\/v2\/comments?post=7832"}],"version-history":[{"count":1,"href":"https:\/\/blogdorogeriogomes.com.br\/noticias\/wp-json\/wp\/v2\/posts\/7832\/revisions"}],"predecessor-version":[{"id":7834,"href":"https:\/\/blogdorogeriogomes.com.br\/noticias\/wp-json\/wp\/v2\/posts\/7832\/revisions\/7834"}],"wp:attachment":[{"href":"https:\/\/blogdorogeriogomes.com.br\/noticias\/wp-json\/wp\/v2\/media?parent=7832"}],"wp:term":[{"taxonomy":"category","embeddable":true,"href":"https:\/\/blogdorogeriogomes.com.br\/noticias\/wp-json\/wp\/v2\/categories?post=7832"},{"taxonomy":"post_tag","embeddable":true,"href":"https:\/\/blogdorogeriogomes.com.br\/noticias\/wp-json\/wp\/v2\/tags?post=7832"}],"curies":[{"name":"wp","href":"https:\/\/api.w.org\/{rel}","templated":true}]}}