{"id":7839,"date":"2018-01-10T09:20:05","date_gmt":"2018-01-10T09:20:05","guid":{"rendered":"http:\/\/blogdorogeriogomes.com.br\/?p=7839"},"modified":"2018-01-10T09:20:05","modified_gmt":"2018-01-10T09:20:05","slug":"programa-hora-de-plantar-iniciou-a-distribuicao-de-sementes-no-interior-do-ceara","status":"publish","type":"post","link":"https:\/\/blogdorogeriogomes.com.br\/noticias\/2018\/01\/programa-hora-de-plantar-iniciou-a-distribuicao-de-sementes-no-interior-do-ceara\/","title":{"rendered":"Programa Hora de Plantar iniciou a distribui\u00e7\u00e3o de sementes no interior do Cear\u00e1"},"content":{"rendered":"<p><img loading=\"lazy\" decoding=\"async\" class=\"size-medium wp-image-7840\" src=\"http:\/\/blogdorogeriogomes.com.br\/wp-content\/uploads\/2018\/01\/image-6-300x200.jpg\" alt=\"IGUATU, CE, BRASIL, 02\/07\/2013, REGIONAL: PLANTIO IRRIGADO DE FEIJ\u221aO, NA LOCALIDADE DE SERROTE, ZONA RURAL DE IGUATU.  CREDITO - HONORIO BARBOSA\/AGENCIADIARIO, 11NE0415, 11\/11\/2015, NEGOCIOS, HONORIO BARBOSA,\" width=\"300\" height=\"200\" srcset=\"https:\/\/blogdorogeriogomes.com.br\/noticias\/wp-content\/uploads\/2018\/01\/image-6-300x200.jpg 300w, https:\/\/blogdorogeriogomes.com.br\/noticias\/wp-content\/uploads\/2018\/01\/image-6-768x512.jpg 768w, https:\/\/blogdorogeriogomes.com.br\/noticias\/wp-content\/uploads\/2018\/01\/image-6.jpg 800w\" sizes=\"auto, (max-width: 300px) 100vw, 300px\" \/><\/p>\n<p><span style=\"font-weight: 400;\">A Regi\u00e3o do Cariri \u00e9 a primeira contemplada com a distribui\u00e7\u00e3o de sementes do Programa Hora de Plantar, do Governo do Estado. A distribui\u00e7\u00e3o come\u00e7ou pelos munic\u00edpios de Milagres, Barro e Aurora. Ano passado, o Governo entregou 3.217 toneladas de sementes. Para 2018, a previs\u00e3o \u00e9 de 2.630 toneladas, embora atendendo o mesmo n\u00famero de agricultores. <\/span><\/p>\n<p><span style=\"font-weight: 400;\">Depois do Cariri, o programa chega ainda este m\u00eas no Centro Sul e Inhamuns\/Crate\u00fas; e no in\u00edcio de fevereiro, na Ibiapaba, Sert\u00f5es Central, Canind\u00e9 e Baixo Jaguaribe, concluindo as entregas pelo Maci\u00e7o de Baturit\u00e9, Metropolitana e Norte (Vale do Curu\/Aracatia\u00e7u e Sobral).<\/span><\/p>\n<p><span style=\"font-weight: 400;\">As sementes de milho, feij\u00e3o, sorgo forrageiro e mamona, est\u00e3o sendo disponibilizadas nos 11 armaz\u00e9ns regionais, aguardando o deslocamento para os escrit\u00f3rios municipais da Ematerce. A ideia \u00e9 aproveitar as primeiras chuvas da pr\u00e9 esta\u00e7\u00e3o para come\u00e7ar a plantar.<\/span><\/p>\n","protected":false},"excerpt":{"rendered":"<p>A Regi\u00e3o do Cariri \u00e9 a primeira contemplada com a distribui\u00e7\u00e3o de sementes do Programa Hora de Plantar, do Governo do Estado. A distribui\u00e7\u00e3o come\u00e7ou pelos munic\u00edpios de Milagres, Barro e Aurora. Ano passado, o Governo entregou 3.217 toneladas de sementes. Para 2018, a previs\u00e3o \u00e9 de 2.630 toneladas, embora atendendo o mesmo n\u00famero de agricultores. Depois do Cariri, o programa chega ainda este m\u00eas no Centro Sul e Inhamuns\/Crate\u00fas; e no in\u00edcio de fevereiro, na Ibiapaba, Sert\u00f5es Central,&hellip;<\/p>\n","protected":false},"author":1,"featured_media":0,"comment_status":"open","ping_status":"open","sticky":false,"template":"","format":"standard","meta":{"footnotes":""},"categories":[1],"tags":[],"class_list":["post-7839","post","type-post","status-publish","format-standard","hentry","category-noticias"],"_links":{"self":[{"href":"https:\/\/blogdorogeriogomes.com.br\/noticias\/wp-json\/wp\/v2\/posts\/7839","targetHints":{"allow":["GET"]}}],"collection":[{"href":"https:\/\/blogdorogeriogomes.com.br\/noticias\/wp-json\/wp\/v2\/posts"}],"about":[{"href":"https:\/\/blogdorogeriogomes.com.br\/noticias\/wp-json\/wp\/v2\/types\/post"}],"author":[{"embeddable":true,"href":"https:\/\/blogdorogeriogomes.com.br\/noticias\/wp-json\/wp\/v2\/users\/1"}],"replies":[{"embeddable":true,"href":"https:\/\/blogdorogeriogomes.com.br\/noticias\/wp-json\/wp\/v2\/comments?post=7839"}],"version-history":[{"count":1,"href":"https:\/\/blogdorogeriogomes.com.br\/noticias\/wp-json\/wp\/v2\/posts\/7839\/revisions"}],"predecessor-version":[{"id":7841,"href":"https:\/\/blogdorogeriogomes.com.br\/noticias\/wp-json\/wp\/v2\/posts\/7839\/revisions\/7841"}],"wp:attachment":[{"href":"https:\/\/blogdorogeriogomes.com.br\/noticias\/wp-json\/wp\/v2\/media?parent=7839"}],"wp:term":[{"taxonomy":"category","embeddable":true,"href":"https:\/\/blogdorogeriogomes.com.br\/noticias\/wp-json\/wp\/v2\/categories?post=7839"},{"taxonomy":"post_tag","embeddable":true,"href":"https:\/\/blogdorogeriogomes.com.br\/noticias\/wp-json\/wp\/v2\/tags?post=7839"}],"curies":[{"name":"wp","href":"https:\/\/api.w.org\/{rel}","templated":true}]}}