{"id":7842,"date":"2018-01-10T14:08:31","date_gmt":"2018-01-10T14:08:31","guid":{"rendered":"http:\/\/blogdorogeriogomes.com.br\/?p=7842"},"modified":"2018-01-10T14:08:31","modified_gmt":"2018-01-10T14:08:31","slug":"programacao-oficial-do-pre-carnaval-em-fortaleza-tera-10-polos-e-56-blocos","status":"publish","type":"post","link":"https:\/\/blogdorogeriogomes.com.br\/noticias\/2018\/01\/programacao-oficial-do-pre-carnaval-em-fortaleza-tera-10-polos-e-56-blocos\/","title":{"rendered":"Programa\u00e7\u00e3o oficial do Pr\u00e9 Carnaval em Fortaleza ter\u00e1 10 p\u00f3los e 56 blocos"},"content":{"rendered":"<p><img loading=\"lazy\" decoding=\"async\" class=\"alignnone size-medium wp-image-7843\" src=\"http:\/\/blogdorogeriogomes.com.br\/wp-content\/uploads\/2018\/01\/images-70-300x200.jpeg\" alt=\"images (70)\" width=\"300\" height=\"200\" srcset=\"https:\/\/blogdorogeriogomes.com.br\/noticias\/wp-content\/uploads\/2018\/01\/images-70-300x200.jpeg 300w, https:\/\/blogdorogeriogomes.com.br\/noticias\/wp-content\/uploads\/2018\/01\/images-70.jpeg 470w\" sizes=\"auto, (max-width: 300px) 100vw, 300px\" \/><\/p>\n<p><span style=\"font-weight: 400;\">A Prefeitura de Fortaleza divulgou a programa\u00e7\u00e3o do Pr\u00e9 Carnaval para os pr\u00f3ximos quatro fins de semana em 10 polos de folia espalhados pela Capital. A abertura oficial ser\u00e1 na sexta-feira, dia 12 de janeiro, com o Bloco Luxo da Aldeia, na Pra\u00e7a do Ferreira.<\/span><\/p>\n<p><span style=\"font-weight: 400;\">O plano operacional foi apresentado em coletiva \u00e0 imprensa. A Pol\u00edcia Militar deve utilizar 1.176 agentes nos quatro fins de semana de pr\u00e9 carnaval, que ser\u00e3o distribu\u00eddas nos pontos de folia.<\/span><\/p>\n<p><span style=\"font-weight: 400;\">A programa\u00e7\u00e3o oficial pr\u00e9 carnavalesca ter\u00e1 in\u00edcio na pr\u00f3xima sexta-feira, dia 12 de janeiro, e seguir\u00e1 at\u00e9 o dia 4 de fevereiro. A festa contar\u00e1 com atra\u00e7\u00f5es em 10 polos de folia: Aterrinho da Praia de Iracema, Mercado dos Pinh\u00f5es, Mercado da Aerol\u00e2ndia, Mocinha, Passeio P\u00fablico, Pra\u00e7a do Ferreira, Largo Luiz Assun\u00e7\u00e3o, Benfica, P\u00f3lo de Lazer da Sargento Herm\u00ednio e Monsenhor Tabosa.<\/span><\/p>\n<p><span style=\"font-weight: 400;\">Nos locais de maior fluxo de foli\u00f5es, a AMC far\u00e1 bloqueios para evitar engarrafamentos e garantir mais seguran\u00e7a para a festa.<\/span><\/p>\n<p><span style=\"font-weight: 400;\">O tema do Ciclo Pr\u00e9 Carnavalesco deste ano \u00e9 \u201cIracema Meu Amor\u201d, uma homenagem ao compositor de loas e artista pl\u00e1stico Descartes Gadelha e ao primeiro bloco de Pr\u00e9-Carnaval de Fortaleza, Periquito da Madame.<\/span><\/p>\n<p><span style=\"font-weight: 400;\">Al\u00e9m da programa\u00e7\u00e3o oficial, a Prefeitura ainda vai apoiar financeiramente, atrav\u00e9s de edital, 56 blocos de rua que estar\u00e3o fazendo apresenta\u00e7\u00f5es em diversos espa\u00e7os p\u00fablicos da Capital.<\/span><\/p>\n","protected":false},"excerpt":{"rendered":"<p>A Prefeitura de Fortaleza divulgou a programa\u00e7\u00e3o do Pr\u00e9 Carnaval para os pr\u00f3ximos quatro fins de semana em 10 polos de folia espalhados pela Capital. A abertura oficial ser\u00e1 na sexta-feira, dia 12 de janeiro, com o Bloco Luxo da Aldeia, na Pra\u00e7a do Ferreira. O plano operacional foi apresentado em coletiva \u00e0 imprensa. A Pol\u00edcia Militar deve utilizar 1.176 agentes nos quatro fins de semana de pr\u00e9 carnaval, que ser\u00e3o distribu\u00eddas nos pontos de folia. A programa\u00e7\u00e3o oficial&hellip;<\/p>\n","protected":false},"author":1,"featured_media":0,"comment_status":"open","ping_status":"open","sticky":false,"template":"","format":"standard","meta":{"footnotes":""},"categories":[1],"tags":[],"class_list":["post-7842","post","type-post","status-publish","format-standard","hentry","category-noticias"],"_links":{"self":[{"href":"https:\/\/blogdorogeriogomes.com.br\/noticias\/wp-json\/wp\/v2\/posts\/7842","targetHints":{"allow":["GET"]}}],"collection":[{"href":"https:\/\/blogdorogeriogomes.com.br\/noticias\/wp-json\/wp\/v2\/posts"}],"about":[{"href":"https:\/\/blogdorogeriogomes.com.br\/noticias\/wp-json\/wp\/v2\/types\/post"}],"author":[{"embeddable":true,"href":"https:\/\/blogdorogeriogomes.com.br\/noticias\/wp-json\/wp\/v2\/users\/1"}],"replies":[{"embeddable":true,"href":"https:\/\/blogdorogeriogomes.com.br\/noticias\/wp-json\/wp\/v2\/comments?post=7842"}],"version-history":[{"count":1,"href":"https:\/\/blogdorogeriogomes.com.br\/noticias\/wp-json\/wp\/v2\/posts\/7842\/revisions"}],"predecessor-version":[{"id":7844,"href":"https:\/\/blogdorogeriogomes.com.br\/noticias\/wp-json\/wp\/v2\/posts\/7842\/revisions\/7844"}],"wp:attachment":[{"href":"https:\/\/blogdorogeriogomes.com.br\/noticias\/wp-json\/wp\/v2\/media?parent=7842"}],"wp:term":[{"taxonomy":"category","embeddable":true,"href":"https:\/\/blogdorogeriogomes.com.br\/noticias\/wp-json\/wp\/v2\/categories?post=7842"},{"taxonomy":"post_tag","embeddable":true,"href":"https:\/\/blogdorogeriogomes.com.br\/noticias\/wp-json\/wp\/v2\/tags?post=7842"}],"curies":[{"name":"wp","href":"https:\/\/api.w.org\/{rel}","templated":true}]}}