{"id":7852,"date":"2018-01-11T08:58:34","date_gmt":"2018-01-11T08:58:34","guid":{"rendered":"http:\/\/blogdorogeriogomes.com.br\/?p=7852"},"modified":"2018-01-11T08:58:34","modified_gmt":"2018-01-11T08:58:34","slug":"programa-fies-se-desmonta-sob-o-comando-de-temer","status":"publish","type":"post","link":"https:\/\/blogdorogeriogomes.com.br\/noticias\/2018\/01\/programa-fies-se-desmonta-sob-o-comando-de-temer\/","title":{"rendered":"Programa Fies se desmonta sob o comando de Temer"},"content":{"rendered":"<p><img loading=\"lazy\" decoding=\"async\" class=\"alignnone size-medium wp-image-7853\" src=\"http:\/\/blogdorogeriogomes.com.br\/wp-content\/uploads\/2018\/01\/8adfd44bc7d140669214ac7ba1744c86-300x188.jpg\" alt=\"8adfd44bc7d140669214ac7ba1744c86\" width=\"300\" height=\"188\" srcset=\"https:\/\/blogdorogeriogomes.com.br\/noticias\/wp-content\/uploads\/2018\/01\/8adfd44bc7d140669214ac7ba1744c86-300x188.jpg 300w, https:\/\/blogdorogeriogomes.com.br\/noticias\/wp-content\/uploads\/2018\/01\/8adfd44bc7d140669214ac7ba1744c86-768x480.jpg 768w, https:\/\/blogdorogeriogomes.com.br\/noticias\/wp-content\/uploads\/2018\/01\/8adfd44bc7d140669214ac7ba1744c86.jpg 880w\" sizes=\"auto, (max-width: 300px) 100vw, 300px\" \/><\/p>\n<p><span style=\"font-weight: 400;\">Mais um programa de inclus\u00e3o da era petista no Governo Federal est\u00e1 se desmanchando sob o comando de Michel Temer e sua equipe. \u00c9 o Fundo de Financiamento Estudantil (Fies). De acordo com a Associa\u00e7\u00e3o Brasileira de Mantenedoras do Ensino Superior, dos 800 estabelecimentos de ensino que aderiram ao programa em 2017, mais de 600 n\u00e3o devem oferecer vagas neste ano.<\/span><\/p>\n<p><span style=\"font-weight: 400;\">O motivo s\u00e3o as novas regras de funcionamento do programa, sancionadas no fim do ano passado pelo Governo Federal. As mudan\u00e7as incluem, dentre outros pontos, uma maior contribui\u00e7\u00e3o financeira de universidades e faculdades da rede privada na iniciativa, com o objetivo, segundo o Minist\u00e9rio da Educa\u00e7\u00e3o, de compartilhar a responsabilidade sobre a inadimpl\u00eancia de parte dos estudantes. No entanto, empresas do setor alegam que o aumento dos custos inviabiliza a participa\u00e7\u00e3o no processo. <\/span><\/p>\n","protected":false},"excerpt":{"rendered":"<p>Mais um programa de inclus\u00e3o da era petista no Governo Federal est\u00e1 se desmanchando sob o comando de Michel Temer e sua equipe. \u00c9 o Fundo de Financiamento Estudantil (Fies). De acordo com a Associa\u00e7\u00e3o Brasileira de Mantenedoras do Ensino Superior, dos 800 estabelecimentos de ensino que aderiram ao programa em 2017, mais de 600 n\u00e3o devem oferecer vagas neste ano. O motivo s\u00e3o as novas regras de funcionamento do programa, sancionadas no fim do ano passado pelo Governo&hellip;<\/p>\n","protected":false},"author":1,"featured_media":0,"comment_status":"open","ping_status":"open","sticky":false,"template":"","format":"standard","meta":{"footnotes":""},"categories":[1],"tags":[],"class_list":["post-7852","post","type-post","status-publish","format-standard","hentry","category-noticias"],"_links":{"self":[{"href":"https:\/\/blogdorogeriogomes.com.br\/noticias\/wp-json\/wp\/v2\/posts\/7852","targetHints":{"allow":["GET"]}}],"collection":[{"href":"https:\/\/blogdorogeriogomes.com.br\/noticias\/wp-json\/wp\/v2\/posts"}],"about":[{"href":"https:\/\/blogdorogeriogomes.com.br\/noticias\/wp-json\/wp\/v2\/types\/post"}],"author":[{"embeddable":true,"href":"https:\/\/blogdorogeriogomes.com.br\/noticias\/wp-json\/wp\/v2\/users\/1"}],"replies":[{"embeddable":true,"href":"https:\/\/blogdorogeriogomes.com.br\/noticias\/wp-json\/wp\/v2\/comments?post=7852"}],"version-history":[{"count":1,"href":"https:\/\/blogdorogeriogomes.com.br\/noticias\/wp-json\/wp\/v2\/posts\/7852\/revisions"}],"predecessor-version":[{"id":7854,"href":"https:\/\/blogdorogeriogomes.com.br\/noticias\/wp-json\/wp\/v2\/posts\/7852\/revisions\/7854"}],"wp:attachment":[{"href":"https:\/\/blogdorogeriogomes.com.br\/noticias\/wp-json\/wp\/v2\/media?parent=7852"}],"wp:term":[{"taxonomy":"category","embeddable":true,"href":"https:\/\/blogdorogeriogomes.com.br\/noticias\/wp-json\/wp\/v2\/categories?post=7852"},{"taxonomy":"post_tag","embeddable":true,"href":"https:\/\/blogdorogeriogomes.com.br\/noticias\/wp-json\/wp\/v2\/tags?post=7852"}],"curies":[{"name":"wp","href":"https:\/\/api.w.org\/{rel}","templated":true}]}}