{"id":7858,"date":"2018-01-11T21:47:53","date_gmt":"2018-01-11T21:47:53","guid":{"rendered":"http:\/\/blogdorogeriogomes.com.br\/?p=7858"},"modified":"2018-01-11T21:47:53","modified_gmt":"2018-01-11T21:47:53","slug":"enel-reforca-fiscalizacao-e-recolhe-mais-de-oito-toneladas-de-fios-irregulares-no-ceara","status":"publish","type":"post","link":"https:\/\/blogdorogeriogomes.com.br\/noticias\/2018\/01\/enel-reforca-fiscalizacao-e-recolhe-mais-de-oito-toneladas-de-fios-irregulares-no-ceara\/","title":{"rendered":"Enel refor\u00e7a fiscaliza\u00e7\u00e3o e recolhe mais de oito toneladas de fios irregulares no Cear\u00e1"},"content":{"rendered":"<p><img loading=\"lazy\" decoding=\"async\" class=\"alignnone size-medium wp-image-7859\" src=\"http:\/\/blogdorogeriogomes.com.br\/wp-content\/uploads\/2018\/01\/unnamed-15-300x200.jpg\" alt=\"unnamed (15)\" width=\"300\" height=\"200\" srcset=\"https:\/\/blogdorogeriogomes.com.br\/noticias\/wp-content\/uploads\/2018\/01\/unnamed-15-300x200.jpg 300w, https:\/\/blogdorogeriogomes.com.br\/noticias\/wp-content\/uploads\/2018\/01\/unnamed-15.jpg 470w\" sizes=\"auto, (max-width: 300px) 100vw, 300px\" \/><\/p>\n<p><span style=\"font-weight: 400;\">A Enel refor\u00e7a a fiscaliza\u00e7\u00e3o aos fios irregulares que ocupam os postes da Capital. At\u00e9 o ano passado, foram retiradas mais de oito toneladas de cabos e caixas ilegais, que favorecem a ocorr\u00eancia de acidentes. Um problema que se repete n\u00e3o s\u00f3 em Fortaleza, como em munic\u00edpios do interior do Estado.<\/span><\/p>\n<p><span style=\"font-weight: 400;\">Para quem circula nas cal\u00e7adas e encontra fia\u00e7\u00e3o pendurada ou no ch\u00e3o, a maior preocupa\u00e7\u00e3o \u00e9 com os choques el\u00e9tricos. <\/span><\/p>\n<p><span style=\"font-weight: 400;\">Um levantamento feito pela Enel mostrou que no Estado h\u00e1 cerca de 312 mil cabos e 20 mil postes irregulares. Mensalmente s\u00e3o realizadas duas mil e 600 fiscaliza\u00e7\u00f5es. Constatada uma irregularidade, a empresa respons\u00e1vel pelo poste \u00e9 notificada.<\/span><\/p>\n<p><span style=\"font-weight: 400;\">Os postes s\u00e3o de gest\u00e3o da companhia distribuidora de energia el\u00e9trica. Pela legisla\u00e7\u00e3o, cada poste s\u00f3 pode ter seis liga\u00e7\u00f5es, sendo quatro de telecomunica\u00e7\u00f5es, um de eletricidade e um do Governo do Estado. \u201cA dist\u00e2ncia m\u00ednima da fia\u00e7\u00e3o da rede el\u00e9trica para a de telecomunica\u00e7\u00e3o \u00e9 de seis metros. Determina\u00e7\u00e3o muitas vezes n\u00e3o cumprida\u201d, disse Ronaldo Freire, respons\u00e1vel de Clientes Institucionais da Enel.<\/span><\/p>\n","protected":false},"excerpt":{"rendered":"<p>A Enel refor\u00e7a a fiscaliza\u00e7\u00e3o aos fios irregulares que ocupam os postes da Capital. At\u00e9 o ano passado, foram retiradas mais de oito toneladas de cabos e caixas ilegais, que favorecem a ocorr\u00eancia de acidentes. Um problema que se repete n\u00e3o s\u00f3 em Fortaleza, como em munic\u00edpios do interior do Estado. Para quem circula nas cal\u00e7adas e encontra fia\u00e7\u00e3o pendurada ou no ch\u00e3o, a maior preocupa\u00e7\u00e3o \u00e9 com os choques el\u00e9tricos. Um levantamento feito pela Enel mostrou que no&hellip;<\/p>\n","protected":false},"author":1,"featured_media":0,"comment_status":"open","ping_status":"open","sticky":false,"template":"","format":"standard","meta":{"footnotes":""},"categories":[1],"tags":[],"class_list":["post-7858","post","type-post","status-publish","format-standard","hentry","category-noticias"],"_links":{"self":[{"href":"https:\/\/blogdorogeriogomes.com.br\/noticias\/wp-json\/wp\/v2\/posts\/7858","targetHints":{"allow":["GET"]}}],"collection":[{"href":"https:\/\/blogdorogeriogomes.com.br\/noticias\/wp-json\/wp\/v2\/posts"}],"about":[{"href":"https:\/\/blogdorogeriogomes.com.br\/noticias\/wp-json\/wp\/v2\/types\/post"}],"author":[{"embeddable":true,"href":"https:\/\/blogdorogeriogomes.com.br\/noticias\/wp-json\/wp\/v2\/users\/1"}],"replies":[{"embeddable":true,"href":"https:\/\/blogdorogeriogomes.com.br\/noticias\/wp-json\/wp\/v2\/comments?post=7858"}],"version-history":[{"count":1,"href":"https:\/\/blogdorogeriogomes.com.br\/noticias\/wp-json\/wp\/v2\/posts\/7858\/revisions"}],"predecessor-version":[{"id":7860,"href":"https:\/\/blogdorogeriogomes.com.br\/noticias\/wp-json\/wp\/v2\/posts\/7858\/revisions\/7860"}],"wp:attachment":[{"href":"https:\/\/blogdorogeriogomes.com.br\/noticias\/wp-json\/wp\/v2\/media?parent=7858"}],"wp:term":[{"taxonomy":"category","embeddable":true,"href":"https:\/\/blogdorogeriogomes.com.br\/noticias\/wp-json\/wp\/v2\/categories?post=7858"},{"taxonomy":"post_tag","embeddable":true,"href":"https:\/\/blogdorogeriogomes.com.br\/noticias\/wp-json\/wp\/v2\/tags?post=7858"}],"curies":[{"name":"wp","href":"https:\/\/api.w.org\/{rel}","templated":true}]}}