{"id":7867,"date":"2018-01-12T09:21:29","date_gmt":"2018-01-12T09:21:29","guid":{"rendered":"http:\/\/blogdorogeriogomes.com.br\/?p=7867"},"modified":"2018-01-12T09:21:29","modified_gmt":"2018-01-12T09:21:29","slug":"ate-que-ponto-a-queda-do-brasil-na-classificacao-de-risco-pode-influenciar-na-reforma-da-previdencia","status":"publish","type":"post","link":"https:\/\/blogdorogeriogomes.com.br\/noticias\/2018\/01\/ate-que-ponto-a-queda-do-brasil-na-classificacao-de-risco-pode-influenciar-na-reforma-da-previdencia\/","title":{"rendered":"At\u00e9 que ponto a queda do Brasil na classifica\u00e7\u00e3o de risco pode influenciar na Reforma da Previd\u00eancia?"},"content":{"rendered":"<p><img loading=\"lazy\" decoding=\"async\" class=\"alignnone size-medium wp-image-7868\" src=\"http:\/\/blogdorogeriogomes.com.br\/wp-content\/uploads\/2018\/01\/images-74-300x159.jpeg\" alt=\"images (74)\" width=\"300\" height=\"159\" srcset=\"https:\/\/blogdorogeriogomes.com.br\/noticias\/wp-content\/uploads\/2018\/01\/images-74-300x159.jpeg 300w, https:\/\/blogdorogeriogomes.com.br\/noticias\/wp-content\/uploads\/2018\/01\/images-74.jpeg 527w\" sizes=\"auto, (max-width: 300px) 100vw, 300px\" \/><\/p>\n<p><span style=\"font-weight: 400;\">A ag\u00eancia de classifica\u00e7\u00e3o de risco Standard &amp; Poor&#8217;s reduziu a nota de cr\u00e9dito da d\u00edvida soberana do Brasil, que j\u00e1 tinha perdido o grau de investimento da S&amp;P, uma esp\u00e9cie de &#8220;selo de bom pagador&#8221;, em setembro de 2015. Desde ent\u00e3o, a S&amp;P e as outras duas principais ag\u00eancias, a Moody&#8217;s e a Fitch, fizeram sucessivos cortes na nota do pa\u00eds. <\/span><span style=\"font-weight: 400;\"><br \/>\n<\/span><span style=\"font-weight: 400;\">Com o novo rebaixamento feito pela S&amp;P, o pa\u00eds fica tr\u00eas n\u00edveis abaixo do grau de investimento. A perspectiva est\u00e1vel significa que a ag\u00eancia ter\u00e1 de esperar pelo menos seis meses para alterar a nota do pa\u00eds.<\/span><span style=\"font-weight: 400;\"><br \/>\n<\/span><span style=\"font-weight: 400;\">Em comunicado, a S&amp;P informou que o Brasil est\u00e1 demorando para implementar as reformas que reduzam os riscos fiscais do pa\u00eds, principalmente a da Previd\u00eancia.<\/span><\/p>\n<p><span style=\"font-weight: 400;\">Mas o que esse rebaixamento pode influenciar a vota\u00e7\u00e3o da Reforma da Previd\u00eancia em fevereiro? O Governo Federal continua sem votos suficientes na C\u00e2mara dos Deputados. Temer quer pressionar os parlamentares que o Brasil est\u00e1 perdendo o cr\u00e9dito internacional porque n\u00e3o aprova as reformas e o ajuste fiscal.<\/span><\/p>\n<p><span style=\"font-weight: 400;\">Vamos saber se os deputados que buscam a reelei\u00e7\u00e3o este ano v\u00e3o cair nessa&#8230;<\/span><\/p>\n","protected":false},"excerpt":{"rendered":"<p>A ag\u00eancia de classifica\u00e7\u00e3o de risco Standard &amp; Poor&#8217;s reduziu a nota de cr\u00e9dito da d\u00edvida soberana do Brasil, que j\u00e1 tinha perdido o grau de investimento da S&amp;P, uma esp\u00e9cie de &#8220;selo de bom pagador&#8221;, em setembro de 2015. Desde ent\u00e3o, a S&amp;P e as outras duas principais ag\u00eancias, a Moody&#8217;s e a Fitch, fizeram sucessivos cortes na nota do pa\u00eds. Com o novo rebaixamento feito pela S&amp;P, o pa\u00eds fica tr\u00eas n\u00edveis abaixo do grau de investimento.&hellip;<\/p>\n","protected":false},"author":1,"featured_media":0,"comment_status":"open","ping_status":"open","sticky":false,"template":"","format":"standard","meta":{"footnotes":""},"categories":[1],"tags":[],"class_list":["post-7867","post","type-post","status-publish","format-standard","hentry","category-noticias"],"_links":{"self":[{"href":"https:\/\/blogdorogeriogomes.com.br\/noticias\/wp-json\/wp\/v2\/posts\/7867","targetHints":{"allow":["GET"]}}],"collection":[{"href":"https:\/\/blogdorogeriogomes.com.br\/noticias\/wp-json\/wp\/v2\/posts"}],"about":[{"href":"https:\/\/blogdorogeriogomes.com.br\/noticias\/wp-json\/wp\/v2\/types\/post"}],"author":[{"embeddable":true,"href":"https:\/\/blogdorogeriogomes.com.br\/noticias\/wp-json\/wp\/v2\/users\/1"}],"replies":[{"embeddable":true,"href":"https:\/\/blogdorogeriogomes.com.br\/noticias\/wp-json\/wp\/v2\/comments?post=7867"}],"version-history":[{"count":1,"href":"https:\/\/blogdorogeriogomes.com.br\/noticias\/wp-json\/wp\/v2\/posts\/7867\/revisions"}],"predecessor-version":[{"id":7869,"href":"https:\/\/blogdorogeriogomes.com.br\/noticias\/wp-json\/wp\/v2\/posts\/7867\/revisions\/7869"}],"wp:attachment":[{"href":"https:\/\/blogdorogeriogomes.com.br\/noticias\/wp-json\/wp\/v2\/media?parent=7867"}],"wp:term":[{"taxonomy":"category","embeddable":true,"href":"https:\/\/blogdorogeriogomes.com.br\/noticias\/wp-json\/wp\/v2\/categories?post=7867"},{"taxonomy":"post_tag","embeddable":true,"href":"https:\/\/blogdorogeriogomes.com.br\/noticias\/wp-json\/wp\/v2\/tags?post=7867"}],"curies":[{"name":"wp","href":"https:\/\/api.w.org\/{rel}","templated":true}]}}