{"id":7879,"date":"2018-01-15T09:19:30","date_gmt":"2018-01-15T09:19:30","guid":{"rendered":"http:\/\/blogdorogeriogomes.com.br\/?p=7879"},"modified":"2018-01-15T09:19:30","modified_gmt":"2018-01-15T09:19:30","slug":"carmen-lucia-discute-questoes-de-seguranca-para-o-julgamento-do-ex-presidente-lula","status":"publish","type":"post","link":"https:\/\/blogdorogeriogomes.com.br\/noticias\/2018\/01\/carmen-lucia-discute-questoes-de-seguranca-para-o-julgamento-do-ex-presidente-lula\/","title":{"rendered":"C\u00e1rmen L\u00facia discute quest\u00f5es de seguran\u00e7a para o julgamento do ex-presidente Lula"},"content":{"rendered":"<p><img loading=\"lazy\" decoding=\"async\" class=\"alignnone size-medium wp-image-7880\" src=\"http:\/\/blogdorogeriogomes.com.br\/wp-content\/uploads\/2018\/01\/images-76-300x200.jpeg\" alt=\"images (76)\" width=\"300\" height=\"200\" srcset=\"https:\/\/blogdorogeriogomes.com.br\/noticias\/wp-content\/uploads\/2018\/01\/images-76-300x200.jpeg 300w, https:\/\/blogdorogeriogomes.com.br\/noticias\/wp-content\/uploads\/2018\/01\/images-76.jpeg 470w\" sizes=\"auto, (max-width: 300px) 100vw, 300px\" \/><\/p>\n<p><span style=\"font-weight: 400;\">At\u00e9 a presidente do Supremo Tribunal Federal (STF), ministra C\u00e1rmen L\u00facia, est\u00e1 preocupada com a seguran\u00e7a no dia do julgamento do ex-presidente Lula. Ela se re\u00fane nesta segunda-feira, dia 15 de janeiro, com o presidente do Tribunal Regional Federal da 4\u00aa Regi\u00e3o (TRF4), desembargador Carlos Eduardo Thompson Flores, para conversar sobre quest\u00f5es de seguran\u00e7a durante o julgamento do recurso do ex-presidente, marcado para o dia 24 em Porto Alegre.<\/span><span style=\"font-weight: 400;\"><br \/>\n<\/span><span style=\"font-weight: 400;\">Na semana passada, Thompson Flores relatou a C\u00e1rmen L\u00facia sua apreens\u00e3o com amea\u00e7as que os magistrados do TRF-4 t\u00eam recebido, principalmente nas redes sociais. O tribunal \u00e9 respons\u00e1vel por julgar os recursos dos condenados pela Opera\u00e7\u00e3o Lava Jato em Curitiba.<\/span><\/p>\n","protected":false},"excerpt":{"rendered":"<p>At\u00e9 a presidente do Supremo Tribunal Federal (STF), ministra C\u00e1rmen L\u00facia, est\u00e1 preocupada com a seguran\u00e7a no dia do julgamento do ex-presidente Lula. Ela se re\u00fane nesta segunda-feira, dia 15 de janeiro, com o presidente do Tribunal Regional Federal da 4\u00aa Regi\u00e3o (TRF4), desembargador Carlos Eduardo Thompson Flores, para conversar sobre quest\u00f5es de seguran\u00e7a durante o julgamento do recurso do ex-presidente, marcado para o dia 24 em Porto Alegre. Na semana passada, Thompson Flores relatou a C\u00e1rmen L\u00facia sua&hellip;<\/p>\n","protected":false},"author":1,"featured_media":0,"comment_status":"open","ping_status":"open","sticky":false,"template":"","format":"standard","meta":{"footnotes":""},"categories":[1],"tags":[],"class_list":["post-7879","post","type-post","status-publish","format-standard","hentry","category-noticias"],"_links":{"self":[{"href":"https:\/\/blogdorogeriogomes.com.br\/noticias\/wp-json\/wp\/v2\/posts\/7879","targetHints":{"allow":["GET"]}}],"collection":[{"href":"https:\/\/blogdorogeriogomes.com.br\/noticias\/wp-json\/wp\/v2\/posts"}],"about":[{"href":"https:\/\/blogdorogeriogomes.com.br\/noticias\/wp-json\/wp\/v2\/types\/post"}],"author":[{"embeddable":true,"href":"https:\/\/blogdorogeriogomes.com.br\/noticias\/wp-json\/wp\/v2\/users\/1"}],"replies":[{"embeddable":true,"href":"https:\/\/blogdorogeriogomes.com.br\/noticias\/wp-json\/wp\/v2\/comments?post=7879"}],"version-history":[{"count":1,"href":"https:\/\/blogdorogeriogomes.com.br\/noticias\/wp-json\/wp\/v2\/posts\/7879\/revisions"}],"predecessor-version":[{"id":7881,"href":"https:\/\/blogdorogeriogomes.com.br\/noticias\/wp-json\/wp\/v2\/posts\/7879\/revisions\/7881"}],"wp:attachment":[{"href":"https:\/\/blogdorogeriogomes.com.br\/noticias\/wp-json\/wp\/v2\/media?parent=7879"}],"wp:term":[{"taxonomy":"category","embeddable":true,"href":"https:\/\/blogdorogeriogomes.com.br\/noticias\/wp-json\/wp\/v2\/categories?post=7879"},{"taxonomy":"post_tag","embeddable":true,"href":"https:\/\/blogdorogeriogomes.com.br\/noticias\/wp-json\/wp\/v2\/tags?post=7879"}],"curies":[{"name":"wp","href":"https:\/\/api.w.org\/{rel}","templated":true}]}}