{"id":7888,"date":"2018-01-16T05:55:18","date_gmt":"2018-01-16T05:55:18","guid":{"rendered":"http:\/\/blogdorogeriogomes.com.br\/?p=7888"},"modified":"2018-01-16T05:55:18","modified_gmt":"2018-01-16T05:55:18","slug":"comeca-o-curso-de-formacao-para-novos-policiais-civis-no-ceara","status":"publish","type":"post","link":"https:\/\/blogdorogeriogomes.com.br\/noticias\/2018\/01\/comeca-o-curso-de-formacao-para-novos-policiais-civis-no-ceara\/","title":{"rendered":"Come\u00e7a o curso de forma\u00e7\u00e3o para novos policiais civis no Cear\u00e1"},"content":{"rendered":"<p><img loading=\"lazy\" decoding=\"async\" class=\"alignnone size-medium wp-image-7889\" src=\"http:\/\/blogdorogeriogomes.com.br\/wp-content\/uploads\/2018\/01\/images-78-300x200.jpeg\" alt=\"images (78)\" width=\"300\" height=\"200\" srcset=\"https:\/\/blogdorogeriogomes.com.br\/noticias\/wp-content\/uploads\/2018\/01\/images-78-300x200.jpeg 300w, https:\/\/blogdorogeriogomes.com.br\/noticias\/wp-content\/uploads\/2018\/01\/images-78.jpeg 469w\" sizes=\"auto, (max-width: 300px) 100vw, 300px\" \/><\/p>\n<p><span style=\"font-weight: 400;\">Apontada como uma das \u00e1reas ainda carentes na seguran\u00e7a p\u00fablica no Cear\u00e1, a Pol\u00edcia Civil d\u00e1 in\u00edcio, nesta ter\u00e7a-feira, dia 16 de janeiro, \u00e0s aulas do Curso de Forma\u00e7\u00e3o da segunda turma de aprovados no concurso da Pol\u00edcia Civil. A solenidade ter\u00e1 \u00e0 frente o governador Camilo Santana, no Gin\u00e1sio da Parangaba, em Fortaleza.<\/span><span style=\"font-weight: 400;\"><br \/>\n<\/span><span style=\"font-weight: 400;\">Foram convocados 730 futuros delegados, inspetores e escriv\u00e3es para participarem das aulas na Academia Estadual de Seguran\u00e7a P\u00fablica (Aesp). A primeira turma teve 650 nomeados, o que refor\u00e7ou os trabalhos da pol\u00edcia judici\u00e1ria e permitiu, por exemplo, que o n\u00famero de delegacias 24 horas no Estado mais do que dobrasse em apenas um ano.<\/span><\/p>\n","protected":false},"excerpt":{"rendered":"<p>Apontada como uma das \u00e1reas ainda carentes na seguran\u00e7a p\u00fablica no Cear\u00e1, a Pol\u00edcia Civil d\u00e1 in\u00edcio, nesta ter\u00e7a-feira, dia 16 de janeiro, \u00e0s aulas do Curso de Forma\u00e7\u00e3o da segunda turma de aprovados no concurso da Pol\u00edcia Civil. A solenidade ter\u00e1 \u00e0 frente o governador Camilo Santana, no Gin\u00e1sio da Parangaba, em Fortaleza. Foram convocados 730 futuros delegados, inspetores e escriv\u00e3es para participarem das aulas na Academia Estadual de Seguran\u00e7a P\u00fablica (Aesp). A primeira turma teve 650 nomeados,&hellip;<\/p>\n","protected":false},"author":1,"featured_media":0,"comment_status":"open","ping_status":"open","sticky":false,"template":"","format":"standard","meta":{"footnotes":""},"categories":[1],"tags":[],"class_list":["post-7888","post","type-post","status-publish","format-standard","hentry","category-noticias"],"_links":{"self":[{"href":"https:\/\/blogdorogeriogomes.com.br\/noticias\/wp-json\/wp\/v2\/posts\/7888","targetHints":{"allow":["GET"]}}],"collection":[{"href":"https:\/\/blogdorogeriogomes.com.br\/noticias\/wp-json\/wp\/v2\/posts"}],"about":[{"href":"https:\/\/blogdorogeriogomes.com.br\/noticias\/wp-json\/wp\/v2\/types\/post"}],"author":[{"embeddable":true,"href":"https:\/\/blogdorogeriogomes.com.br\/noticias\/wp-json\/wp\/v2\/users\/1"}],"replies":[{"embeddable":true,"href":"https:\/\/blogdorogeriogomes.com.br\/noticias\/wp-json\/wp\/v2\/comments?post=7888"}],"version-history":[{"count":1,"href":"https:\/\/blogdorogeriogomes.com.br\/noticias\/wp-json\/wp\/v2\/posts\/7888\/revisions"}],"predecessor-version":[{"id":7890,"href":"https:\/\/blogdorogeriogomes.com.br\/noticias\/wp-json\/wp\/v2\/posts\/7888\/revisions\/7890"}],"wp:attachment":[{"href":"https:\/\/blogdorogeriogomes.com.br\/noticias\/wp-json\/wp\/v2\/media?parent=7888"}],"wp:term":[{"taxonomy":"category","embeddable":true,"href":"https:\/\/blogdorogeriogomes.com.br\/noticias\/wp-json\/wp\/v2\/categories?post=7888"},{"taxonomy":"post_tag","embeddable":true,"href":"https:\/\/blogdorogeriogomes.com.br\/noticias\/wp-json\/wp\/v2\/tags?post=7888"}],"curies":[{"name":"wp","href":"https:\/\/api.w.org\/{rel}","templated":true}]}}