{"id":7894,"date":"2018-01-16T21:02:38","date_gmt":"2018-01-16T21:02:38","guid":{"rendered":"http:\/\/blogdorogeriogomes.com.br\/?p=7894"},"modified":"2018-01-16T21:02:38","modified_gmt":"2018-01-16T21:02:38","slug":"maia-prega-aviso-se-a-reforma-da-previdencia-nao-for-votada-em-fevereiro-ja-era","status":"publish","type":"post","link":"https:\/\/blogdorogeriogomes.com.br\/noticias\/2018\/01\/maia-prega-aviso-se-a-reforma-da-previdencia-nao-for-votada-em-fevereiro-ja-era\/","title":{"rendered":"Maia prega aviso: se a Reforma da Previd\u00eancia n\u00e3o for votada em fevereiro, j\u00e1 era\u2026."},"content":{"rendered":"<p><img loading=\"lazy\" decoding=\"async\" class=\"alignnone size-medium wp-image-7895\" src=\"http:\/\/blogdorogeriogomes.com.br\/wp-content\/uploads\/2018\/01\/images-79-300x200.jpeg\" alt=\"images (79)\" width=\"300\" height=\"200\" srcset=\"https:\/\/blogdorogeriogomes.com.br\/noticias\/wp-content\/uploads\/2018\/01\/images-79-300x200.jpeg 300w, https:\/\/blogdorogeriogomes.com.br\/noticias\/wp-content\/uploads\/2018\/01\/images-79.jpeg 470w\" sizes=\"auto, (max-width: 300px) 100vw, 300px\" \/><\/p>\n<p><span style=\"font-weight: 400;\">Em meio \u00e0s lamban\u00e7as do Governo Federal, a Reforma da Previd\u00eancia que est\u00e1 na pauta da C\u00e2mara dos Deputados segue cada vez mais amea\u00e7ada. E n\u00e3o \u00e9 pra menos. O ano \u00e9 eleitoral e Michel Temer n\u00e3o tem os votos necess\u00e1rios para aprovar a proposta. Fala-se em Bras\u00edlia que faltam pelo menos de 40 a 50 votos.<\/span><\/p>\n<p><span style=\"font-weight: 400;\">Diante desse cen\u00e1rio, o presidente da C\u00e2mara dos Deputados, Rodrigo Maia, j\u00e1 disse que se o governo n\u00e3o conseguir os votos necess\u00e1rios para aprovar a reforma da Previd\u00eancia em fevereiro, a C\u00e2mara n\u00e3o votar\u00e1 mais a proposta. <\/span><span style=\"font-weight: 400;\"><br \/>\n<\/span><span style=\"font-weight: 400;\">Pelo cronograma anunciado por Maia ainda no ano passado, a discuss\u00e3o sobre a reforma est\u00e1 marcada para o pr\u00f3ximo dia 5 de fevereiro e a vota\u00e7\u00e3o, para 19 de fevereiro. A proposta s\u00f3 ser\u00e1 aprovada se tiver o apoio m\u00ednimo de 308 dos 513 deputados, em duas vota\u00e7\u00f5es.<\/span><span style=\"font-weight: 400;\"><br \/>\n<\/span><span style=\"font-weight: 400;\">Ou seja, se a reforma n\u00e3o for pra vota\u00e7\u00e3o em fevereiro, n\u00e3o ir\u00e1 mais esse ano. \u00c9 uma mat\u00e9ria que ficar\u00e1 para um presidente legitimamente eleito conduzir em 2019.<\/span><\/p>\n","protected":false},"excerpt":{"rendered":"<p>Em meio \u00e0s lamban\u00e7as do Governo Federal, a Reforma da Previd\u00eancia que est\u00e1 na pauta da C\u00e2mara dos Deputados segue cada vez mais amea\u00e7ada. E n\u00e3o \u00e9 pra menos. O ano \u00e9 eleitoral e Michel Temer n\u00e3o tem os votos necess\u00e1rios para aprovar a proposta. Fala-se em Bras\u00edlia que faltam pelo menos de 40 a 50 votos. Diante desse cen\u00e1rio, o presidente da C\u00e2mara dos Deputados, Rodrigo Maia, j\u00e1 disse que se o governo n\u00e3o conseguir os votos necess\u00e1rios&hellip;<\/p>\n","protected":false},"author":1,"featured_media":0,"comment_status":"open","ping_status":"open","sticky":false,"template":"","format":"standard","meta":{"footnotes":""},"categories":[1],"tags":[],"class_list":["post-7894","post","type-post","status-publish","format-standard","hentry","category-noticias"],"_links":{"self":[{"href":"https:\/\/blogdorogeriogomes.com.br\/noticias\/wp-json\/wp\/v2\/posts\/7894","targetHints":{"allow":["GET"]}}],"collection":[{"href":"https:\/\/blogdorogeriogomes.com.br\/noticias\/wp-json\/wp\/v2\/posts"}],"about":[{"href":"https:\/\/blogdorogeriogomes.com.br\/noticias\/wp-json\/wp\/v2\/types\/post"}],"author":[{"embeddable":true,"href":"https:\/\/blogdorogeriogomes.com.br\/noticias\/wp-json\/wp\/v2\/users\/1"}],"replies":[{"embeddable":true,"href":"https:\/\/blogdorogeriogomes.com.br\/noticias\/wp-json\/wp\/v2\/comments?post=7894"}],"version-history":[{"count":1,"href":"https:\/\/blogdorogeriogomes.com.br\/noticias\/wp-json\/wp\/v2\/posts\/7894\/revisions"}],"predecessor-version":[{"id":7896,"href":"https:\/\/blogdorogeriogomes.com.br\/noticias\/wp-json\/wp\/v2\/posts\/7894\/revisions\/7896"}],"wp:attachment":[{"href":"https:\/\/blogdorogeriogomes.com.br\/noticias\/wp-json\/wp\/v2\/media?parent=7894"}],"wp:term":[{"taxonomy":"category","embeddable":true,"href":"https:\/\/blogdorogeriogomes.com.br\/noticias\/wp-json\/wp\/v2\/categories?post=7894"},{"taxonomy":"post_tag","embeddable":true,"href":"https:\/\/blogdorogeriogomes.com.br\/noticias\/wp-json\/wp\/v2\/tags?post=7894"}],"curies":[{"name":"wp","href":"https:\/\/api.w.org\/{rel}","templated":true}]}}