{"id":7897,"date":"2018-01-16T21:24:05","date_gmt":"2018-01-16T21:24:05","guid":{"rendered":"http:\/\/blogdorogeriogomes.com.br\/?p=7897"},"modified":"2018-01-16T21:24:05","modified_gmt":"2018-01-16T21:24:05","slug":"governo-anuncia-concurso-publico-para-a-secretaria-de-cultura-do-estado","status":"publish","type":"post","link":"https:\/\/blogdorogeriogomes.com.br\/noticias\/2018\/01\/governo-anuncia-concurso-publico-para-a-secretaria-de-cultura-do-estado\/","title":{"rendered":"Governo anuncia concurso p\u00fablico para a Secretaria de Cultura do Estado"},"content":{"rendered":"<p><img loading=\"lazy\" decoding=\"async\" class=\"alignnone size-full wp-image-7898\" src=\"http:\/\/blogdorogeriogomes.com.br\/wp-content\/uploads\/2018\/01\/images-80.jpeg\" alt=\"images (80)\" width=\"297\" height=\"170\" \/><\/p>\n<p><span style=\"font-weight: 400;\">A not\u00edcia \u00e9 boa para os profissionais que atuam na \u00e1rea cultural. O Governo do Estado vai realizar, ainda neste primeiro semestre, um concurso p\u00fablico para 132 novos servidores que ser\u00e3o lotados na Secretaria de Cultura do Cear\u00e1, a Secult.<\/span><\/p>\n<p><span style=\"font-weight: 400;\">Ser\u00e3o abertas vagas para profissionais nas \u00e1reas de Arquitetura, Biblioteconomia, Museologia, Hist\u00f3ria, Letras, M\u00fasica, Audiovisual, Artes C\u00eanicas, M\u00eddias Digitais, Pedagogia, Direito, Economia, Administra\u00e7\u00e3o, Contabilidade e Engenharia.<\/span><\/p>\n<p><span style=\"font-weight: 400;\">A Secretaria de Planejamento vai enviar uma mensagem de lei para a Assembleia Legislativa para que os deputados aprovem a realiza\u00e7\u00e3o do concurso, que ser\u00e1 o primeiro a ser feito para servidores estaduais da Secult em mais de 50 anos.<\/span><\/p>\n","protected":false},"excerpt":{"rendered":"<p>A not\u00edcia \u00e9 boa para os profissionais que atuam na \u00e1rea cultural. O Governo do Estado vai realizar, ainda neste primeiro semestre, um concurso p\u00fablico para 132 novos servidores que ser\u00e3o lotados na Secretaria de Cultura do Cear\u00e1, a Secult. Ser\u00e3o abertas vagas para profissionais nas \u00e1reas de Arquitetura, Biblioteconomia, Museologia, Hist\u00f3ria, Letras, M\u00fasica, Audiovisual, Artes C\u00eanicas, M\u00eddias Digitais, Pedagogia, Direito, Economia, Administra\u00e7\u00e3o, Contabilidade e Engenharia. A Secretaria de Planejamento vai enviar uma mensagem de lei para a Assembleia&hellip;<\/p>\n","protected":false},"author":1,"featured_media":0,"comment_status":"open","ping_status":"open","sticky":false,"template":"","format":"standard","meta":{"footnotes":""},"categories":[1],"tags":[],"class_list":["post-7897","post","type-post","status-publish","format-standard","hentry","category-noticias"],"_links":{"self":[{"href":"https:\/\/blogdorogeriogomes.com.br\/noticias\/wp-json\/wp\/v2\/posts\/7897","targetHints":{"allow":["GET"]}}],"collection":[{"href":"https:\/\/blogdorogeriogomes.com.br\/noticias\/wp-json\/wp\/v2\/posts"}],"about":[{"href":"https:\/\/blogdorogeriogomes.com.br\/noticias\/wp-json\/wp\/v2\/types\/post"}],"author":[{"embeddable":true,"href":"https:\/\/blogdorogeriogomes.com.br\/noticias\/wp-json\/wp\/v2\/users\/1"}],"replies":[{"embeddable":true,"href":"https:\/\/blogdorogeriogomes.com.br\/noticias\/wp-json\/wp\/v2\/comments?post=7897"}],"version-history":[{"count":1,"href":"https:\/\/blogdorogeriogomes.com.br\/noticias\/wp-json\/wp\/v2\/posts\/7897\/revisions"}],"predecessor-version":[{"id":7899,"href":"https:\/\/blogdorogeriogomes.com.br\/noticias\/wp-json\/wp\/v2\/posts\/7897\/revisions\/7899"}],"wp:attachment":[{"href":"https:\/\/blogdorogeriogomes.com.br\/noticias\/wp-json\/wp\/v2\/media?parent=7897"}],"wp:term":[{"taxonomy":"category","embeddable":true,"href":"https:\/\/blogdorogeriogomes.com.br\/noticias\/wp-json\/wp\/v2\/categories?post=7897"},{"taxonomy":"post_tag","embeddable":true,"href":"https:\/\/blogdorogeriogomes.com.br\/noticias\/wp-json\/wp\/v2\/tags?post=7897"}],"curies":[{"name":"wp","href":"https:\/\/api.w.org\/{rel}","templated":true}]}}