{"id":7900,"date":"2018-01-17T06:06:58","date_gmt":"2018-01-17T06:06:58","guid":{"rendered":"http:\/\/blogdorogeriogomes.com.br\/?p=7900"},"modified":"2018-01-17T06:06:58","modified_gmt":"2018-01-17T06:06:58","slug":"capitao-wagner-confirma-que-vai-buscar-vaga-na-camara-dos-deputados-pelo-pros","status":"publish","type":"post","link":"https:\/\/blogdorogeriogomes.com.br\/noticias\/2018\/01\/capitao-wagner-confirma-que-vai-buscar-vaga-na-camara-dos-deputados-pelo-pros\/","title":{"rendered":"Capit\u00e3o Wagner confirma que vai buscar vaga na C\u00e2mara dos Deputados pelo PROS"},"content":{"rendered":"<p><img loading=\"lazy\" decoding=\"async\" class=\"alignnone size-medium wp-image-7901\" src=\"http:\/\/blogdorogeriogomes.com.br\/wp-content\/uploads\/2018\/01\/images-81-300x200.jpeg\" alt=\"images (81)\" width=\"300\" height=\"200\" srcset=\"https:\/\/blogdorogeriogomes.com.br\/noticias\/wp-content\/uploads\/2018\/01\/images-81-300x200.jpeg 300w, https:\/\/blogdorogeriogomes.com.br\/noticias\/wp-content\/uploads\/2018\/01\/images-81.jpeg 470w\" sizes=\"auto, (max-width: 300px) 100vw, 300px\" \/><\/p>\n<p><span style=\"font-weight: 400;\">Considerado um dos principais nomes da oposi\u00e7\u00e3o para concorrer ao Governo do Estado em 2018, o Capit\u00e3o Wagner Souza decidiu dar fim \u00e0s especula\u00e7\u00f5es sobre o seu rumo nas elei\u00e7\u00f5es deste ano. Vai pleitear uma vaga na C\u00e2mara Federal. E ser\u00e1 pelo PROS. Ou seja, est\u00e1 tamb\u00e9m deixando o PR, a exemplo do que fez o deputado federal Cabo Sabino.<\/span><\/p>\n<p><span style=\"font-weight: 400;\">O nome do Capit\u00e3o Wagner foi ventilado para ser candidato de oposi\u00e7\u00e3o n\u00e3o s\u00f3 ao Governo, como tamb\u00e9m ao Senado Federal. Com a sa\u00edda de Eun\u00edcio Oliveira do bloco de oposi\u00e7\u00e3o e sua ida para o lado do governador Camilo Santana, Wagner preferiu n\u00e3o arriscar. Vai tentar mais um mandato parlamentar. <\/span><\/p>\n<p><span style=\"font-weight: 400;\">Para buscar uma candidatura majorit\u00e1ria \u00e9 preciso mais recursos e uma rede de apoio fortalecida no interior do Estado. Sem Capit\u00e3o Wagner, nem o senador Tasso Jereissati (que j\u00e1 afirmou n\u00e3o ser candidato), a oposi\u00e7\u00e3o continua sem um nome de peso para enfrentar o atual governador Camilo Santana nas urnas.<\/span><\/p>\n","protected":false},"excerpt":{"rendered":"<p>Considerado um dos principais nomes da oposi\u00e7\u00e3o para concorrer ao Governo do Estado em 2018, o Capit\u00e3o Wagner Souza decidiu dar fim \u00e0s especula\u00e7\u00f5es sobre o seu rumo nas elei\u00e7\u00f5es deste ano. Vai pleitear uma vaga na C\u00e2mara Federal. E ser\u00e1 pelo PROS. Ou seja, est\u00e1 tamb\u00e9m deixando o PR, a exemplo do que fez o deputado federal Cabo Sabino. O nome do Capit\u00e3o Wagner foi ventilado para ser candidato de oposi\u00e7\u00e3o n\u00e3o s\u00f3 ao Governo, como tamb\u00e9m ao&hellip;<\/p>\n","protected":false},"author":1,"featured_media":0,"comment_status":"open","ping_status":"open","sticky":false,"template":"","format":"standard","meta":{"footnotes":""},"categories":[1],"tags":[],"class_list":["post-7900","post","type-post","status-publish","format-standard","hentry","category-noticias"],"_links":{"self":[{"href":"https:\/\/blogdorogeriogomes.com.br\/noticias\/wp-json\/wp\/v2\/posts\/7900","targetHints":{"allow":["GET"]}}],"collection":[{"href":"https:\/\/blogdorogeriogomes.com.br\/noticias\/wp-json\/wp\/v2\/posts"}],"about":[{"href":"https:\/\/blogdorogeriogomes.com.br\/noticias\/wp-json\/wp\/v2\/types\/post"}],"author":[{"embeddable":true,"href":"https:\/\/blogdorogeriogomes.com.br\/noticias\/wp-json\/wp\/v2\/users\/1"}],"replies":[{"embeddable":true,"href":"https:\/\/blogdorogeriogomes.com.br\/noticias\/wp-json\/wp\/v2\/comments?post=7900"}],"version-history":[{"count":1,"href":"https:\/\/blogdorogeriogomes.com.br\/noticias\/wp-json\/wp\/v2\/posts\/7900\/revisions"}],"predecessor-version":[{"id":7902,"href":"https:\/\/blogdorogeriogomes.com.br\/noticias\/wp-json\/wp\/v2\/posts\/7900\/revisions\/7902"}],"wp:attachment":[{"href":"https:\/\/blogdorogeriogomes.com.br\/noticias\/wp-json\/wp\/v2\/media?parent=7900"}],"wp:term":[{"taxonomy":"category","embeddable":true,"href":"https:\/\/blogdorogeriogomes.com.br\/noticias\/wp-json\/wp\/v2\/categories?post=7900"},{"taxonomy":"post_tag","embeddable":true,"href":"https:\/\/blogdorogeriogomes.com.br\/noticias\/wp-json\/wp\/v2\/tags?post=7900"}],"curies":[{"name":"wp","href":"https:\/\/api.w.org\/{rel}","templated":true}]}}