{"id":7904,"date":"2018-01-17T06:41:11","date_gmt":"2018-01-17T06:41:11","guid":{"rendered":"http:\/\/blogdorogeriogomes.com.br\/?p=7904"},"modified":"2018-01-17T06:41:11","modified_gmt":"2018-01-17T06:41:11","slug":"caixa-sofre-com-as-incontaveis-denuncias-de-corrupcao","status":"publish","type":"post","link":"https:\/\/blogdorogeriogomes.com.br\/noticias\/2018\/01\/caixa-sofre-com-as-incontaveis-denuncias-de-corrupcao\/","title":{"rendered":"Caixa sofre com as incont\u00e1veis den\u00fancias de corrup\u00e7\u00e3o"},"content":{"rendered":"<p><img loading=\"lazy\" decoding=\"async\" class=\"alignnone size-medium wp-image-7905\" src=\"http:\/\/blogdorogeriogomes.com.br\/wp-content\/uploads\/2018\/01\/images-82-300x107.jpeg\" alt=\"images (82)\" width=\"300\" height=\"107\" srcset=\"https:\/\/blogdorogeriogomes.com.br\/noticias\/wp-content\/uploads\/2018\/01\/images-82-300x107.jpeg 300w, https:\/\/blogdorogeriogomes.com.br\/noticias\/wp-content\/uploads\/2018\/01\/images-82.jpeg 376w\" sizes=\"auto, (max-width: 300px) 100vw, 300px\" \/><\/p>\n<p><span style=\"font-weight: 400;\">A Caixa Econ\u00f4mica enfrenta um verdadeiro inferno astral. Ap\u00f3s todo o esquema de corrup\u00e7\u00e3o na institui\u00e7\u00e3o que resultou nas pris\u00e3o de Geddel Vieira Lima e Eduardo Cunha, acusados de desvios de recursos no banco, agora a Caixa se v\u00ea envolvida em novas den\u00fancias. Desta vez, com quatro vice-presidentes acusados de corrup\u00e7\u00e3o.<\/span><\/p>\n<p><span style=\"font-weight: 400;\">Sem outra op\u00e7\u00e3o, o presidente Michel Temer determinou o afastamento de 4 dos 12 vice-presidentes da Caixa Econ\u00f4mica Federal. Ele tomou a decis\u00e3o ap\u00f3s recomenda\u00e7\u00f5es do Minist\u00e9rio P\u00fablico Federal do Distrito Federal e do Banco Central. As recomenda\u00e7\u00f5es t\u00eam como base suspeitas de corrup\u00e7\u00e3o na Caixa investigadas pelo MPF e pela Pol\u00edcia Federal.<\/span><span style=\"font-weight: 400;\"><br \/>\n<\/span><span style=\"font-weight: 400;\">Os vice-presidentes afastados s\u00e3o Ant\u00f4nio Carlos Ferreira, vice-presidente corporativo, Deusdina dos Reis Pereira, vice-presidente de Fundos de Governo e Loterias, Roberto Derzie de Santana, vice-presidente de Governo, e Jos\u00e9 Henrique Marques da Cruz,vice-presidente de Clientes, Neg\u00f3cios e Transforma\u00e7\u00e3o Digital.<\/span><\/p>\n<p>Entre os quatro vice-presidentes da Caixa afastados do banco, um causa preocupa\u00e7\u00e3o maior no Pal\u00e1cio do Planalto: Roberto Derzi\u00ea. Isso porque \u00e9 apontado como um nome muito pr\u00f3ximo ao pr\u00f3prio presidente Michel Temer e j\u00e1 teria repassado informa\u00e7\u00f5es privilegiadas de opera\u00e7\u00f5es da Caixa em diversas oportunidades a Temer e aliados<span style=\"font-size: 0.8rem;\">.<\/span><\/p>\n","protected":false},"excerpt":{"rendered":"<p>A Caixa Econ\u00f4mica enfrenta um verdadeiro inferno astral. Ap\u00f3s todo o esquema de corrup\u00e7\u00e3o na institui\u00e7\u00e3o que resultou nas pris\u00e3o de Geddel Vieira Lima e Eduardo Cunha, acusados de desvios de recursos no banco, agora a Caixa se v\u00ea envolvida em novas den\u00fancias. Desta vez, com quatro vice-presidentes acusados de corrup\u00e7\u00e3o. Sem outra op\u00e7\u00e3o, o presidente Michel Temer determinou o afastamento de 4 dos 12 vice-presidentes da Caixa Econ\u00f4mica Federal. Ele tomou a decis\u00e3o ap\u00f3s recomenda\u00e7\u00f5es do Minist\u00e9rio P\u00fablico&hellip;<\/p>\n","protected":false},"author":1,"featured_media":0,"comment_status":"open","ping_status":"open","sticky":false,"template":"","format":"standard","meta":{"footnotes":""},"categories":[1],"tags":[],"class_list":["post-7904","post","type-post","status-publish","format-standard","hentry","category-noticias"],"_links":{"self":[{"href":"https:\/\/blogdorogeriogomes.com.br\/noticias\/wp-json\/wp\/v2\/posts\/7904","targetHints":{"allow":["GET"]}}],"collection":[{"href":"https:\/\/blogdorogeriogomes.com.br\/noticias\/wp-json\/wp\/v2\/posts"}],"about":[{"href":"https:\/\/blogdorogeriogomes.com.br\/noticias\/wp-json\/wp\/v2\/types\/post"}],"author":[{"embeddable":true,"href":"https:\/\/blogdorogeriogomes.com.br\/noticias\/wp-json\/wp\/v2\/users\/1"}],"replies":[{"embeddable":true,"href":"https:\/\/blogdorogeriogomes.com.br\/noticias\/wp-json\/wp\/v2\/comments?post=7904"}],"version-history":[{"count":1,"href":"https:\/\/blogdorogeriogomes.com.br\/noticias\/wp-json\/wp\/v2\/posts\/7904\/revisions"}],"predecessor-version":[{"id":7906,"href":"https:\/\/blogdorogeriogomes.com.br\/noticias\/wp-json\/wp\/v2\/posts\/7904\/revisions\/7906"}],"wp:attachment":[{"href":"https:\/\/blogdorogeriogomes.com.br\/noticias\/wp-json\/wp\/v2\/media?parent=7904"}],"wp:term":[{"taxonomy":"category","embeddable":true,"href":"https:\/\/blogdorogeriogomes.com.br\/noticias\/wp-json\/wp\/v2\/categories?post=7904"},{"taxonomy":"post_tag","embeddable":true,"href":"https:\/\/blogdorogeriogomes.com.br\/noticias\/wp-json\/wp\/v2\/tags?post=7904"}],"curies":[{"name":"wp","href":"https:\/\/api.w.org\/{rel}","templated":true}]}}