{"id":7907,"date":"2018-01-17T21:00:53","date_gmt":"2018-01-17T21:00:53","guid":{"rendered":"http:\/\/blogdorogeriogomes.com.br\/?p=7907"},"modified":"2018-01-17T21:00:53","modified_gmt":"2018-01-17T21:00:53","slug":"fortaleza-ganha-mais-dois-voos-semanais-para-a-europa","status":"publish","type":"post","link":"https:\/\/blogdorogeriogomes.com.br\/noticias\/2018\/01\/fortaleza-ganha-mais-dois-voos-semanais-para-a-europa\/","title":{"rendered":"Fortaleza ganha mais dois voos semanais para a Europa"},"content":{"rendered":"<p><img loading=\"lazy\" decoding=\"async\" class=\"alignnone size-medium wp-image-7908\" src=\"http:\/\/blogdorogeriogomes.com.br\/wp-content\/uploads\/2018\/01\/images-83-300x199.jpeg\" alt=\"images (83)\" width=\"300\" height=\"199\" srcset=\"https:\/\/blogdorogeriogomes.com.br\/noticias\/wp-content\/uploads\/2018\/01\/images-83-300x199.jpeg 300w, https:\/\/blogdorogeriogomes.com.br\/noticias\/wp-content\/uploads\/2018\/01\/images-83.jpeg 471w\" sizes=\"auto, (max-width: 300px) 100vw, 300px\" \/><\/p>\n<p><span style=\"font-weight: 400;\">Fortaleza vai ganhar novas rotas a\u00e9reas, duas vezes por semana, que ligam o Brasil para a Portugal, It\u00e1lia e Fran\u00e7a, via Cabo Verde. O refor\u00e7o nos voos foi anunciado nesta quarta-feira, dia 17 de janeiro, numa a\u00e7\u00e3o conjunta da Secretaria de Turismo da Capital e a Cabo Verde Airlines. A opera\u00e7\u00e3o dos voos come\u00e7a em fevereiro.<\/span><\/p>\n<p><span style=\"font-weight: 400;\">Segundo a Infraero, o Aeroporto Internacional Pinto Martins, em Fortaleza, registrou quase tr\u00eas milh\u00f5es de desembarques (2 milh\u00f5es e 932 mil) ao longo do ano passado. Sob o comando da empresa alem\u00e3 Fraport, o terminal deve ampliar ainda mais o movimento de passageiros em 2018. Usu\u00e1rios vivem a expectativa de melhoria nos servi\u00e7os aeroportu\u00e1rios.<\/span><\/p>\n<p><span style=\"font-weight: 400;\">Atrav\u00e9s de parcerias entre o Governo do Estado e companhias a\u00e9reas, quatro novos destinos v\u00e3o ganhar voos para a Capital cearense: Paris, na Fran\u00e7a, Amsterdan, na Holanda, Orlando, nos Estados Unidos, e a Cidade do Panam\u00e1. Incremento de turistas que promete refor\u00e7ar ainda mais o movimento do setor em Fortaleza.<\/span><\/p>\n","protected":false},"excerpt":{"rendered":"<p>Fortaleza vai ganhar novas rotas a\u00e9reas, duas vezes por semana, que ligam o Brasil para a Portugal, It\u00e1lia e Fran\u00e7a, via Cabo Verde. O refor\u00e7o nos voos foi anunciado nesta quarta-feira, dia 17 de janeiro, numa a\u00e7\u00e3o conjunta da Secretaria de Turismo da Capital e a Cabo Verde Airlines. A opera\u00e7\u00e3o dos voos come\u00e7a em fevereiro. Segundo a Infraero, o Aeroporto Internacional Pinto Martins, em Fortaleza, registrou quase tr\u00eas milh\u00f5es de desembarques (2 milh\u00f5es e 932 mil) ao longo&hellip;<\/p>\n","protected":false},"author":1,"featured_media":0,"comment_status":"open","ping_status":"open","sticky":false,"template":"","format":"standard","meta":{"footnotes":""},"categories":[1],"tags":[],"class_list":["post-7907","post","type-post","status-publish","format-standard","hentry","category-noticias"],"_links":{"self":[{"href":"https:\/\/blogdorogeriogomes.com.br\/noticias\/wp-json\/wp\/v2\/posts\/7907","targetHints":{"allow":["GET"]}}],"collection":[{"href":"https:\/\/blogdorogeriogomes.com.br\/noticias\/wp-json\/wp\/v2\/posts"}],"about":[{"href":"https:\/\/blogdorogeriogomes.com.br\/noticias\/wp-json\/wp\/v2\/types\/post"}],"author":[{"embeddable":true,"href":"https:\/\/blogdorogeriogomes.com.br\/noticias\/wp-json\/wp\/v2\/users\/1"}],"replies":[{"embeddable":true,"href":"https:\/\/blogdorogeriogomes.com.br\/noticias\/wp-json\/wp\/v2\/comments?post=7907"}],"version-history":[{"count":1,"href":"https:\/\/blogdorogeriogomes.com.br\/noticias\/wp-json\/wp\/v2\/posts\/7907\/revisions"}],"predecessor-version":[{"id":7909,"href":"https:\/\/blogdorogeriogomes.com.br\/noticias\/wp-json\/wp\/v2\/posts\/7907\/revisions\/7909"}],"wp:attachment":[{"href":"https:\/\/blogdorogeriogomes.com.br\/noticias\/wp-json\/wp\/v2\/media?parent=7907"}],"wp:term":[{"taxonomy":"category","embeddable":true,"href":"https:\/\/blogdorogeriogomes.com.br\/noticias\/wp-json\/wp\/v2\/categories?post=7907"},{"taxonomy":"post_tag","embeddable":true,"href":"https:\/\/blogdorogeriogomes.com.br\/noticias\/wp-json\/wp\/v2\/tags?post=7907"}],"curies":[{"name":"wp","href":"https:\/\/api.w.org\/{rel}","templated":true}]}}