{"id":7910,"date":"2018-01-17T21:12:56","date_gmt":"2018-01-17T21:12:56","guid":{"rendered":"http:\/\/blogdorogeriogomes.com.br\/?p=7910"},"modified":"2018-01-17T21:12:56","modified_gmt":"2018-01-17T21:12:56","slug":"paulo-maluf-vai-continuar-cumprindo-pena-em-regime-fechado","status":"publish","type":"post","link":"https:\/\/blogdorogeriogomes.com.br\/noticias\/2018\/01\/paulo-maluf-vai-continuar-cumprindo-pena-em-regime-fechado\/","title":{"rendered":"Paulo Maluf vai continuar cumprindo pena em regime fechado"},"content":{"rendered":"<p><img loading=\"lazy\" decoding=\"async\" class=\"alignnone size-medium wp-image-7662\" src=\"http:\/\/blogdorogeriogomes.com.br\/wp-content\/uploads\/2017\/12\/images-37-300x146.jpeg\" alt=\"images (37)\" width=\"300\" height=\"146\" srcset=\"https:\/\/blogdorogeriogomes.com.br\/noticias\/wp-content\/uploads\/2017\/12\/images-37-300x146.jpeg 300w, https:\/\/blogdorogeriogomes.com.br\/noticias\/wp-content\/uploads\/2017\/12\/images-37.jpeg 549w\" sizes=\"auto, (max-width: 300px) 100vw, 300px\" \/><\/p>\n<p>O juiz Bruno Aielo Macacari, da Vara de Execu\u00e7\u00f5es Penais, do Distrito Federal, negou um pedido do deputado federal Paulo Maluf (PP-SP) para cumprir pena de pris\u00e3o em casa.<br \/>\nTrata-se da decis\u00e3o definitiva sobre um pedido de \u201cpris\u00e3o domiciliar humanit\u00e1ria\u201d, apresentado pela defesa do deputado no ano passado, logo depois que ele se entregou \u00e0 Pol\u00edcia Federal em S\u00e3o Paulo e foi levado ao pres\u00eddio da Papuda, em Bras\u00edlia.<br \/>\nOs advogados alegavam que, na cadeia, h\u00e1 risco de vida para o deputado, de 86 anos, em raz\u00e3o de \u201cgraves problemas de sa\u00fade\u201d: um c\u00e2ncer de pr\u00f3stata, h\u00e9rnia de disco, problemas card\u00edacos e movimentos limitados.<\/p>\n","protected":false},"excerpt":{"rendered":"<p>O juiz Bruno Aielo Macacari, da Vara de Execu\u00e7\u00f5es Penais, do Distrito Federal, negou um pedido do deputado federal Paulo Maluf (PP-SP) para cumprir pena de pris\u00e3o em casa. Trata-se da decis\u00e3o definitiva sobre um pedido de \u201cpris\u00e3o domiciliar humanit\u00e1ria\u201d, apresentado pela defesa do deputado no ano passado, logo depois que ele se entregou \u00e0 Pol\u00edcia Federal em S\u00e3o Paulo e foi levado ao pres\u00eddio da Papuda, em Bras\u00edlia. Os advogados alegavam que, na cadeia, h\u00e1 risco de vida&hellip;<\/p>\n","protected":false},"author":1,"featured_media":0,"comment_status":"open","ping_status":"open","sticky":false,"template":"","format":"standard","meta":{"footnotes":""},"categories":[1],"tags":[],"class_list":["post-7910","post","type-post","status-publish","format-standard","hentry","category-noticias"],"_links":{"self":[{"href":"https:\/\/blogdorogeriogomes.com.br\/noticias\/wp-json\/wp\/v2\/posts\/7910","targetHints":{"allow":["GET"]}}],"collection":[{"href":"https:\/\/blogdorogeriogomes.com.br\/noticias\/wp-json\/wp\/v2\/posts"}],"about":[{"href":"https:\/\/blogdorogeriogomes.com.br\/noticias\/wp-json\/wp\/v2\/types\/post"}],"author":[{"embeddable":true,"href":"https:\/\/blogdorogeriogomes.com.br\/noticias\/wp-json\/wp\/v2\/users\/1"}],"replies":[{"embeddable":true,"href":"https:\/\/blogdorogeriogomes.com.br\/noticias\/wp-json\/wp\/v2\/comments?post=7910"}],"version-history":[{"count":1,"href":"https:\/\/blogdorogeriogomes.com.br\/noticias\/wp-json\/wp\/v2\/posts\/7910\/revisions"}],"predecessor-version":[{"id":7911,"href":"https:\/\/blogdorogeriogomes.com.br\/noticias\/wp-json\/wp\/v2\/posts\/7910\/revisions\/7911"}],"wp:attachment":[{"href":"https:\/\/blogdorogeriogomes.com.br\/noticias\/wp-json\/wp\/v2\/media?parent=7910"}],"wp:term":[{"taxonomy":"category","embeddable":true,"href":"https:\/\/blogdorogeriogomes.com.br\/noticias\/wp-json\/wp\/v2\/categories?post=7910"},{"taxonomy":"post_tag","embeddable":true,"href":"https:\/\/blogdorogeriogomes.com.br\/noticias\/wp-json\/wp\/v2\/tags?post=7910"}],"curies":[{"name":"wp","href":"https:\/\/api.w.org\/{rel}","templated":true}]}}