{"id":7913,"date":"2018-01-18T09:04:08","date_gmt":"2018-01-18T09:04:08","guid":{"rendered":"http:\/\/blogdorogeriogomes.com.br\/?p=7913"},"modified":"2018-01-18T09:04:08","modified_gmt":"2018-01-18T09:04:08","slug":"ensino-integral-no-ceara-vai-receber-injecao-de-r-40-milhoes-do-ministerio-da-educacao","status":"publish","type":"post","link":"https:\/\/blogdorogeriogomes.com.br\/noticias\/2018\/01\/ensino-integral-no-ceara-vai-receber-injecao-de-r-40-milhoes-do-ministerio-da-educacao\/","title":{"rendered":"Ensino integral no Cear\u00e1 vai receber inje\u00e7\u00e3o de R$ 40 milh\u00f5es do Minist\u00e9rio da Educa\u00e7\u00e3o"},"content":{"rendered":"<p><img loading=\"lazy\" decoding=\"async\" class=\"alignnone size-medium wp-image-7914\" src=\"http:\/\/blogdorogeriogomes.com.br\/wp-content\/uploads\/2018\/01\/images-84-300x148.jpeg\" alt=\"images (84)\" width=\"300\" height=\"148\" srcset=\"https:\/\/blogdorogeriogomes.com.br\/noticias\/wp-content\/uploads\/2018\/01\/images-84-300x148.jpeg 300w, https:\/\/blogdorogeriogomes.com.br\/noticias\/wp-content\/uploads\/2018\/01\/images-84.jpeg 547w\" sizes=\"auto, (max-width: 300px) 100vw, 300px\" \/><\/p>\n<p><span style=\"font-weight: 400;\">A educa\u00e7\u00e3o p\u00fablica no Cear\u00e1 tem o que comemorar. Os bons resultados obtidos nos \u00faltimos anos t\u00eam se transformando em mais recursos liberados pelo Minist\u00e9rio da Educa\u00e7\u00e3o. O Estado vai ganhar R$ 40 milh\u00f5es e 600 mil reais este ano para ampliar a rede de escolas de Ensino M\u00e9dio em Tempo Integral.<\/span><\/p>\n<p><span style=\"font-weight: 400;\">A Secretaria de Educa\u00e7\u00e3o do Cear\u00e1 espera garantir a partir de fevereiro a implanta\u00e7\u00e3o de 40 novas unidades distribu\u00eddas em 21 munic\u00edpios, incluindo Fortaleza. O Cear\u00e1 foi o estado brasileiro a receber o maior volume de verbas do Minist\u00e9rio, o que vai gerar a abertura de sete mil vagas de Ensino M\u00e9dio em Tempo Integral nos munic\u00edpios cearenses.<\/span><\/p>\n","protected":false},"excerpt":{"rendered":"<p>A educa\u00e7\u00e3o p\u00fablica no Cear\u00e1 tem o que comemorar. Os bons resultados obtidos nos \u00faltimos anos t\u00eam se transformando em mais recursos liberados pelo Minist\u00e9rio da Educa\u00e7\u00e3o. O Estado vai ganhar R$ 40 milh\u00f5es e 600 mil reais este ano para ampliar a rede de escolas de Ensino M\u00e9dio em Tempo Integral. A Secretaria de Educa\u00e7\u00e3o do Cear\u00e1 espera garantir a partir de fevereiro a implanta\u00e7\u00e3o de 40 novas unidades distribu\u00eddas em 21 munic\u00edpios, incluindo Fortaleza. O Cear\u00e1 foi&hellip;<\/p>\n","protected":false},"author":1,"featured_media":0,"comment_status":"open","ping_status":"open","sticky":false,"template":"","format":"standard","meta":{"footnotes":""},"categories":[1],"tags":[],"class_list":["post-7913","post","type-post","status-publish","format-standard","hentry","category-noticias"],"_links":{"self":[{"href":"https:\/\/blogdorogeriogomes.com.br\/noticias\/wp-json\/wp\/v2\/posts\/7913","targetHints":{"allow":["GET"]}}],"collection":[{"href":"https:\/\/blogdorogeriogomes.com.br\/noticias\/wp-json\/wp\/v2\/posts"}],"about":[{"href":"https:\/\/blogdorogeriogomes.com.br\/noticias\/wp-json\/wp\/v2\/types\/post"}],"author":[{"embeddable":true,"href":"https:\/\/blogdorogeriogomes.com.br\/noticias\/wp-json\/wp\/v2\/users\/1"}],"replies":[{"embeddable":true,"href":"https:\/\/blogdorogeriogomes.com.br\/noticias\/wp-json\/wp\/v2\/comments?post=7913"}],"version-history":[{"count":1,"href":"https:\/\/blogdorogeriogomes.com.br\/noticias\/wp-json\/wp\/v2\/posts\/7913\/revisions"}],"predecessor-version":[{"id":7915,"href":"https:\/\/blogdorogeriogomes.com.br\/noticias\/wp-json\/wp\/v2\/posts\/7913\/revisions\/7915"}],"wp:attachment":[{"href":"https:\/\/blogdorogeriogomes.com.br\/noticias\/wp-json\/wp\/v2\/media?parent=7913"}],"wp:term":[{"taxonomy":"category","embeddable":true,"href":"https:\/\/blogdorogeriogomes.com.br\/noticias\/wp-json\/wp\/v2\/categories?post=7913"},{"taxonomy":"post_tag","embeddable":true,"href":"https:\/\/blogdorogeriogomes.com.br\/noticias\/wp-json\/wp\/v2\/tags?post=7913"}],"curies":[{"name":"wp","href":"https:\/\/api.w.org\/{rel}","templated":true}]}}