{"id":7916,"date":"2018-01-18T09:11:47","date_gmt":"2018-01-18T09:11:47","guid":{"rendered":"http:\/\/blogdorogeriogomes.com.br\/?p=7916"},"modified":"2018-01-18T09:11:47","modified_gmt":"2018-01-18T09:11:47","slug":"detran-do-ceara-volta-a-realizar-leiloes-de-carros-apreendidos-neste-semestre","status":"publish","type":"post","link":"https:\/\/blogdorogeriogomes.com.br\/noticias\/2018\/01\/detran-do-ceara-volta-a-realizar-leiloes-de-carros-apreendidos-neste-semestre\/","title":{"rendered":"Detran do Cear\u00e1 volta a realizar leil\u00f5es de carros apreendidos neste semestre"},"content":{"rendered":"<p><img loading=\"lazy\" decoding=\"async\" class=\"alignnone size-full wp-image-7917\" src=\"http:\/\/blogdorogeriogomes.com.br\/wp-content\/uploads\/2018\/01\/images-85.jpeg\" alt=\"images (85)\" width=\"275\" height=\"183\" \/><\/p>\n<p><span style=\"font-weight: 400;\">O Detran do Cear\u00e1 voltar\u00e1 a fazer leil\u00f5es de ve\u00edculos apreendidos ainda neste semestre, ap\u00f3s a contrata\u00e7\u00e3o de uma nova empresa respons\u00e1vel por realizar o arremate dos carros. No p\u00e1tio do \u00f3rg\u00e3o em Fortaleza, h\u00e1 pelo menos 6 mil e 300 ve\u00edculos, sendo 3.500 motos e 2.800 carros apreendidos pelo Detran e Pol\u00edcia Rodovi\u00e1ria Estadual.<\/span><\/p>\n<p><span style=\"font-weight: 400;\">Quando o ve\u00edculo \u00e9 apreendido, o dono tem at\u00e9 30 dias para resgatar o carro ou a moto do p\u00e1tio do Detran. Passado o prazo, o bem j\u00e1 pode ser levado a leil\u00e3o.<\/span><\/p>\n","protected":false},"excerpt":{"rendered":"<p>O Detran do Cear\u00e1 voltar\u00e1 a fazer leil\u00f5es de ve\u00edculos apreendidos ainda neste semestre, ap\u00f3s a contrata\u00e7\u00e3o de uma nova empresa respons\u00e1vel por realizar o arremate dos carros. No p\u00e1tio do \u00f3rg\u00e3o em Fortaleza, h\u00e1 pelo menos 6 mil e 300 ve\u00edculos, sendo 3.500 motos e 2.800 carros apreendidos pelo Detran e Pol\u00edcia Rodovi\u00e1ria Estadual. Quando o ve\u00edculo \u00e9 apreendido, o dono tem at\u00e9 30 dias para resgatar o carro ou a moto do p\u00e1tio do Detran. Passado o&hellip;<\/p>\n","protected":false},"author":1,"featured_media":0,"comment_status":"open","ping_status":"open","sticky":false,"template":"","format":"standard","meta":{"footnotes":""},"categories":[1],"tags":[],"class_list":["post-7916","post","type-post","status-publish","format-standard","hentry","category-noticias"],"_links":{"self":[{"href":"https:\/\/blogdorogeriogomes.com.br\/noticias\/wp-json\/wp\/v2\/posts\/7916","targetHints":{"allow":["GET"]}}],"collection":[{"href":"https:\/\/blogdorogeriogomes.com.br\/noticias\/wp-json\/wp\/v2\/posts"}],"about":[{"href":"https:\/\/blogdorogeriogomes.com.br\/noticias\/wp-json\/wp\/v2\/types\/post"}],"author":[{"embeddable":true,"href":"https:\/\/blogdorogeriogomes.com.br\/noticias\/wp-json\/wp\/v2\/users\/1"}],"replies":[{"embeddable":true,"href":"https:\/\/blogdorogeriogomes.com.br\/noticias\/wp-json\/wp\/v2\/comments?post=7916"}],"version-history":[{"count":1,"href":"https:\/\/blogdorogeriogomes.com.br\/noticias\/wp-json\/wp\/v2\/posts\/7916\/revisions"}],"predecessor-version":[{"id":7918,"href":"https:\/\/blogdorogeriogomes.com.br\/noticias\/wp-json\/wp\/v2\/posts\/7916\/revisions\/7918"}],"wp:attachment":[{"href":"https:\/\/blogdorogeriogomes.com.br\/noticias\/wp-json\/wp\/v2\/media?parent=7916"}],"wp:term":[{"taxonomy":"category","embeddable":true,"href":"https:\/\/blogdorogeriogomes.com.br\/noticias\/wp-json\/wp\/v2\/categories?post=7916"},{"taxonomy":"post_tag","embeddable":true,"href":"https:\/\/blogdorogeriogomes.com.br\/noticias\/wp-json\/wp\/v2\/tags?post=7916"}],"curies":[{"name":"wp","href":"https:\/\/api.w.org\/{rel}","templated":true}]}}