{"id":7920,"date":"2018-01-18T21:51:49","date_gmt":"2018-01-18T21:51:49","guid":{"rendered":"http:\/\/blogdorogeriogomes.com.br\/?p=7920"},"modified":"2018-01-18T21:51:49","modified_gmt":"2018-01-18T21:51:49","slug":"mpf-diz-nao-haver-motivo-para-pedir-a-prisao-de-lula-no-julgamento-do-dia-24","status":"publish","type":"post","link":"https:\/\/blogdorogeriogomes.com.br\/noticias\/2018\/01\/mpf-diz-nao-haver-motivo-para-pedir-a-prisao-de-lula-no-julgamento-do-dia-24\/","title":{"rendered":"MPF diz n\u00e3o haver motivo para pedir a pris\u00e3o de Lula no julgamento do dia 24"},"content":{"rendered":"<p><img loading=\"lazy\" decoding=\"async\" class=\"alignnone size-full wp-image-7921\" src=\"http:\/\/blogdorogeriogomes.com.br\/wp-content\/uploads\/2018\/01\/images-86.jpeg\" alt=\"images (86)\" width=\"275\" height=\"183\" \/><\/p>\n<p><span style=\"font-weight: 400;\">Muita not\u00edcia especulativa tem sido divulgada sobre o que pode acontecer com o ex-presidente Lula no julgamento em segunda inst\u00e2ncia no TRF-4, pr\u00f3ximo dia 24 de janeiro. Uma delas \u00e9 a possibilidade de Lula ser preso se for condenado. O procurador regional da Rep\u00fablica, Maur\u00edcio Gotardo Gerum divulgou em nota que n\u00e3o v\u00ea motivos para pedir a pris\u00e3o cautelar do ex-presidente Luiz In\u00e1cio Lula da Silva. <\/span><\/p>\n<p><span style=\"font-weight: 400;\">O Minist\u00e9rio P\u00fablico Federal (MPF) informou que divulgou o comunicado para desmentir reportagens veiculadas na imprensa sobre um &#8220;suposto pedido de pris\u00e3o&#8221; do ex-presidente. Em caso de condena\u00e7\u00e3o do petista, qualquer medida relativa ao cumprimento da pena seguir\u00e1 o andamento normal da execu\u00e7\u00e3o penal.<\/span><\/p>\n<p><span style=\"font-weight: 400;\">Aos interessados: o julgamento de recurso do ex-presidente da Rep\u00fablica, Luiz In\u00e1cio Lula da Silva contra a condena\u00e7\u00e3o na Opera\u00e7\u00e3o Lava Jato envolvendo o triplex no Guaruj\u00e1 no pr\u00f3ximo dia 24 ser\u00e1 transmitido por Youtube.<\/span><\/p>\n","protected":false},"excerpt":{"rendered":"<p>Muita not\u00edcia especulativa tem sido divulgada sobre o que pode acontecer com o ex-presidente Lula no julgamento em segunda inst\u00e2ncia no TRF-4, pr\u00f3ximo dia 24 de janeiro. Uma delas \u00e9 a possibilidade de Lula ser preso se for condenado. O procurador regional da Rep\u00fablica, Maur\u00edcio Gotardo Gerum divulgou em nota que n\u00e3o v\u00ea motivos para pedir a pris\u00e3o cautelar do ex-presidente Luiz In\u00e1cio Lula da Silva. O Minist\u00e9rio P\u00fablico Federal (MPF) informou que divulgou o comunicado para desmentir reportagens&hellip;<\/p>\n","protected":false},"author":1,"featured_media":0,"comment_status":"open","ping_status":"open","sticky":false,"template":"","format":"standard","meta":{"footnotes":""},"categories":[1],"tags":[],"class_list":["post-7920","post","type-post","status-publish","format-standard","hentry","category-noticias"],"_links":{"self":[{"href":"https:\/\/blogdorogeriogomes.com.br\/noticias\/wp-json\/wp\/v2\/posts\/7920","targetHints":{"allow":["GET"]}}],"collection":[{"href":"https:\/\/blogdorogeriogomes.com.br\/noticias\/wp-json\/wp\/v2\/posts"}],"about":[{"href":"https:\/\/blogdorogeriogomes.com.br\/noticias\/wp-json\/wp\/v2\/types\/post"}],"author":[{"embeddable":true,"href":"https:\/\/blogdorogeriogomes.com.br\/noticias\/wp-json\/wp\/v2\/users\/1"}],"replies":[{"embeddable":true,"href":"https:\/\/blogdorogeriogomes.com.br\/noticias\/wp-json\/wp\/v2\/comments?post=7920"}],"version-history":[{"count":1,"href":"https:\/\/blogdorogeriogomes.com.br\/noticias\/wp-json\/wp\/v2\/posts\/7920\/revisions"}],"predecessor-version":[{"id":7922,"href":"https:\/\/blogdorogeriogomes.com.br\/noticias\/wp-json\/wp\/v2\/posts\/7920\/revisions\/7922"}],"wp:attachment":[{"href":"https:\/\/blogdorogeriogomes.com.br\/noticias\/wp-json\/wp\/v2\/media?parent=7920"}],"wp:term":[{"taxonomy":"category","embeddable":true,"href":"https:\/\/blogdorogeriogomes.com.br\/noticias\/wp-json\/wp\/v2\/categories?post=7920"},{"taxonomy":"post_tag","embeddable":true,"href":"https:\/\/blogdorogeriogomes.com.br\/noticias\/wp-json\/wp\/v2\/tags?post=7920"}],"curies":[{"name":"wp","href":"https:\/\/api.w.org\/{rel}","templated":true}]}}