{"id":7923,"date":"2018-01-18T22:00:38","date_gmt":"2018-01-18T22:00:38","guid":{"rendered":"http:\/\/blogdorogeriogomes.com.br\/?p=7923"},"modified":"2018-01-18T22:00:38","modified_gmt":"2018-01-18T22:00:38","slug":"prefeitura-de-fortaleza-reforca-a-rede-de-atendimento-para-vitimas-da-chikungunya-e-dengue","status":"publish","type":"post","link":"https:\/\/blogdorogeriogomes.com.br\/noticias\/2018\/01\/prefeitura-de-fortaleza-reforca-a-rede-de-atendimento-para-vitimas-da-chikungunya-e-dengue\/","title":{"rendered":"Prefeitura de Fortaleza refor\u00e7a a rede de atendimento para v\u00edtimas da Chikungunya e Dengue"},"content":{"rendered":"<p><img loading=\"lazy\" decoding=\"async\" class=\"alignnone size-medium wp-image-7924\" src=\"http:\/\/blogdorogeriogomes.com.br\/wp-content\/uploads\/2018\/01\/images-87-300x200.jpeg\" alt=\"images (87)\" width=\"300\" height=\"200\" srcset=\"https:\/\/blogdorogeriogomes.com.br\/noticias\/wp-content\/uploads\/2018\/01\/images-87-300x200.jpeg 300w, https:\/\/blogdorogeriogomes.com.br\/noticias\/wp-content\/uploads\/2018\/01\/images-87.jpeg 470w\" sizes=\"auto, (max-width: 300px) 100vw, 300px\" \/><\/p>\n<p><span style=\"font-weight: 400;\">A Prefeitura de Fortaleza apresentou o plano de a\u00e7\u00f5es estrat\u00e9gicas e preventivas de combate ao Aedes aegypti, vetor da dengue, zika e chikungunya, para este ano. E um dos destaques \u00e9 o refor\u00e7o na rede de sa\u00fade municipal para assist\u00eancia aos pacientes, que passa a ter 25 postos espec\u00edficos na Capital com condi\u00e7\u00f5es para a realiza\u00e7\u00e3o de exames e tratamento. Tr\u00eas mil profissionais de sa\u00fade est\u00e3o capacitados para atender as pessoas com suspeita das doen\u00e7as causadas pelo Aedes aegypti.<\/span><\/p>\n<p><span style=\"font-size: 0.8rem;\">Os resultados do enfrentamento \u00e0s arboviroses dependem diretamente da participa\u00e7\u00e3o popular. Por isso, a meta do Poder P\u00fablico \u00e9 refor\u00e7ar as campanhas educativas.<\/span><\/p>\n","protected":false},"excerpt":{"rendered":"<p>A Prefeitura de Fortaleza apresentou o plano de a\u00e7\u00f5es estrat\u00e9gicas e preventivas de combate ao Aedes aegypti, vetor da dengue, zika e chikungunya, para este ano. E um dos destaques \u00e9 o refor\u00e7o na rede de sa\u00fade municipal para assist\u00eancia aos pacientes, que passa a ter 25 postos espec\u00edficos na Capital com condi\u00e7\u00f5es para a realiza\u00e7\u00e3o de exames e tratamento. Tr\u00eas mil profissionais de sa\u00fade est\u00e3o capacitados para atender as pessoas com suspeita das doen\u00e7as causadas pelo Aedes aegypti.&hellip;<\/p>\n","protected":false},"author":1,"featured_media":0,"comment_status":"open","ping_status":"open","sticky":false,"template":"","format":"standard","meta":{"footnotes":""},"categories":[1],"tags":[],"class_list":["post-7923","post","type-post","status-publish","format-standard","hentry","category-noticias"],"_links":{"self":[{"href":"https:\/\/blogdorogeriogomes.com.br\/noticias\/wp-json\/wp\/v2\/posts\/7923","targetHints":{"allow":["GET"]}}],"collection":[{"href":"https:\/\/blogdorogeriogomes.com.br\/noticias\/wp-json\/wp\/v2\/posts"}],"about":[{"href":"https:\/\/blogdorogeriogomes.com.br\/noticias\/wp-json\/wp\/v2\/types\/post"}],"author":[{"embeddable":true,"href":"https:\/\/blogdorogeriogomes.com.br\/noticias\/wp-json\/wp\/v2\/users\/1"}],"replies":[{"embeddable":true,"href":"https:\/\/blogdorogeriogomes.com.br\/noticias\/wp-json\/wp\/v2\/comments?post=7923"}],"version-history":[{"count":1,"href":"https:\/\/blogdorogeriogomes.com.br\/noticias\/wp-json\/wp\/v2\/posts\/7923\/revisions"}],"predecessor-version":[{"id":7925,"href":"https:\/\/blogdorogeriogomes.com.br\/noticias\/wp-json\/wp\/v2\/posts\/7923\/revisions\/7925"}],"wp:attachment":[{"href":"https:\/\/blogdorogeriogomes.com.br\/noticias\/wp-json\/wp\/v2\/media?parent=7923"}],"wp:term":[{"taxonomy":"category","embeddable":true,"href":"https:\/\/blogdorogeriogomes.com.br\/noticias\/wp-json\/wp\/v2\/categories?post=7923"},{"taxonomy":"post_tag","embeddable":true,"href":"https:\/\/blogdorogeriogomes.com.br\/noticias\/wp-json\/wp\/v2\/tags?post=7923"}],"curies":[{"name":"wp","href":"https:\/\/api.w.org\/{rel}","templated":true}]}}