{"id":7927,"date":"2018-01-19T08:54:33","date_gmt":"2018-01-19T08:54:33","guid":{"rendered":"http:\/\/blogdorogeriogomes.com.br\/?p=7927"},"modified":"2018-01-19T08:54:33","modified_gmt":"2018-01-19T08:54:33","slug":"datas-do-enem-2018-sao-confirmadas-para-novembro","status":"publish","type":"post","link":"https:\/\/blogdorogeriogomes.com.br\/noticias\/2018\/01\/datas-do-enem-2018-sao-confirmadas-para-novembro\/","title":{"rendered":"Datas do Enem 2018 s\u00e3o confirmadas para novembro"},"content":{"rendered":"<p><img loading=\"lazy\" decoding=\"async\" class=\"alignnone size-medium wp-image-7928\" src=\"http:\/\/blogdorogeriogomes.com.br\/wp-content\/uploads\/2018\/01\/datas-enem-2018-300x170.jpg\" alt=\"datas-enem-2018\" width=\"300\" height=\"170\" srcset=\"https:\/\/blogdorogeriogomes.com.br\/noticias\/wp-content\/uploads\/2018\/01\/datas-enem-2018-300x170.jpg 300w, https:\/\/blogdorogeriogomes.com.br\/noticias\/wp-content\/uploads\/2018\/01\/datas-enem-2018.jpg 746w\" sizes=\"auto, (max-width: 300px) 100vw, 300px\" \/><\/p>\n<p><span style=\"font-weight: 400;\">Para quem vai fazer o Enem em 2018, o ministro da Educa\u00e7\u00e3o, Mendon\u00e7a Filho, informou que o edital da prova ser\u00e1 publicado em 21 de mar\u00e7o. As datas do Exame Nacional do Ensino M\u00e9dio (Enem) 2018 est\u00e3o confirmadas para os dias 4 e 11 de novembro. J\u00e1 as inscri\u00e7\u00f5es estar\u00e3o abertas no dia 7 de maio e ir\u00e3o at\u00e9 o dia 18 deste m\u00eas.<\/span><span style=\"font-weight: 400;\"><br \/>\n<\/span><span style=\"font-weight: 400;\">A solicita\u00e7\u00e3o de isen\u00e7\u00e3o tamb\u00e9m deixar\u00e1 de ser feita no ato da inscri\u00e7\u00e3o, passando a ser feita antes. A data de solicita\u00e7\u00e3o de isen\u00e7\u00e3o e de justificativa da aus\u00eancia no Enem 2017 ser\u00e1 de 2 a 11 de abril, pela P\u00e1gina do Participante.<\/span><\/p>\n","protected":false},"excerpt":{"rendered":"<p>Para quem vai fazer o Enem em 2018, o ministro da Educa\u00e7\u00e3o, Mendon\u00e7a Filho, informou que o edital da prova ser\u00e1 publicado em 21 de mar\u00e7o. As datas do Exame Nacional do Ensino M\u00e9dio (Enem) 2018 est\u00e3o confirmadas para os dias 4 e 11 de novembro. J\u00e1 as inscri\u00e7\u00f5es estar\u00e3o abertas no dia 7 de maio e ir\u00e3o at\u00e9 o dia 18 deste m\u00eas. A solicita\u00e7\u00e3o de isen\u00e7\u00e3o tamb\u00e9m deixar\u00e1 de ser feita no ato da inscri\u00e7\u00e3o, passando a&hellip;<\/p>\n","protected":false},"author":1,"featured_media":0,"comment_status":"open","ping_status":"open","sticky":false,"template":"","format":"standard","meta":{"footnotes":""},"categories":[1],"tags":[],"class_list":["post-7927","post","type-post","status-publish","format-standard","hentry","category-noticias"],"_links":{"self":[{"href":"https:\/\/blogdorogeriogomes.com.br\/noticias\/wp-json\/wp\/v2\/posts\/7927","targetHints":{"allow":["GET"]}}],"collection":[{"href":"https:\/\/blogdorogeriogomes.com.br\/noticias\/wp-json\/wp\/v2\/posts"}],"about":[{"href":"https:\/\/blogdorogeriogomes.com.br\/noticias\/wp-json\/wp\/v2\/types\/post"}],"author":[{"embeddable":true,"href":"https:\/\/blogdorogeriogomes.com.br\/noticias\/wp-json\/wp\/v2\/users\/1"}],"replies":[{"embeddable":true,"href":"https:\/\/blogdorogeriogomes.com.br\/noticias\/wp-json\/wp\/v2\/comments?post=7927"}],"version-history":[{"count":1,"href":"https:\/\/blogdorogeriogomes.com.br\/noticias\/wp-json\/wp\/v2\/posts\/7927\/revisions"}],"predecessor-version":[{"id":7929,"href":"https:\/\/blogdorogeriogomes.com.br\/noticias\/wp-json\/wp\/v2\/posts\/7927\/revisions\/7929"}],"wp:attachment":[{"href":"https:\/\/blogdorogeriogomes.com.br\/noticias\/wp-json\/wp\/v2\/media?parent=7927"}],"wp:term":[{"taxonomy":"category","embeddable":true,"href":"https:\/\/blogdorogeriogomes.com.br\/noticias\/wp-json\/wp\/v2\/categories?post=7927"},{"taxonomy":"post_tag","embeddable":true,"href":"https:\/\/blogdorogeriogomes.com.br\/noticias\/wp-json\/wp\/v2\/tags?post=7927"}],"curies":[{"name":"wp","href":"https:\/\/api.w.org\/{rel}","templated":true}]}}