{"id":7930,"date":"2018-01-19T09:09:04","date_gmt":"2018-01-19T09:09:04","guid":{"rendered":"http:\/\/blogdorogeriogomes.com.br\/?p=7930"},"modified":"2018-01-19T09:09:04","modified_gmt":"2018-01-19T09:09:04","slug":"camilo-santana-reune-secretariado-pela-primeira-vez-este-ano","status":"publish","type":"post","link":"https:\/\/blogdorogeriogomes.com.br\/noticias\/2018\/01\/camilo-santana-reune-secretariado-pela-primeira-vez-este-ano\/","title":{"rendered":"Camilo Santana re\u00fane secretariado pela primeira vez este ano"},"content":{"rendered":"<p><img loading=\"lazy\" decoding=\"async\" class=\"alignnone size-medium wp-image-7931\" src=\"http:\/\/blogdorogeriogomes.com.br\/wp-content\/uploads\/2018\/01\/unnamed-16-300x200.jpg\" alt=\"unnamed (16)\" width=\"300\" height=\"200\" srcset=\"https:\/\/blogdorogeriogomes.com.br\/noticias\/wp-content\/uploads\/2018\/01\/unnamed-16-300x200.jpg 300w, https:\/\/blogdorogeriogomes.com.br\/noticias\/wp-content\/uploads\/2018\/01\/unnamed-16.jpg 470w\" sizes=\"auto, (max-width: 300px) 100vw, 300px\" \/><\/p>\n<p><span style=\"font-weight: 400;\">Durante dois dias, nesta sexta-feira, dia 19 de janeiro, e s\u00e1bado, dia 20, na Resid\u00eancia Oficial em Fortaleza, o governador Camilo Santana promove a primeira reuni\u00e3o do Monitoramento de A\u00e7\u00f5es e Programas Priorit\u00e1rios (MAPP) de 2018. Ser\u00e1 uma oportunidade de definir prioridades em rela\u00e7\u00e3o a projetos em execu\u00e7\u00e3o no Estado.<\/span><\/p>\n<p><span style=\"font-weight: 400;\">Todos os secret\u00e1rios de Estado e diretores de \u00f3rg\u00e3os vinculados estar\u00e3o presentes para prestarem contas do planejamento de cada pasta.<\/span><\/p>\n<p><span style=\"font-weight: 400;\">Na reuni\u00e3o do MAPP, o governador tem \u00e0 frente um sistema de gest\u00e3o para implanta\u00e7\u00e3o e acompanhamento das a\u00e7\u00f5es realizadas no \u00e2mbito estadual. Atrav\u00e9s dele, Camilo Santana, tem acesso a todos os projetos determinando seus ajustes, quando necess\u00e1rio. Al\u00e9m disso, c\u00e2meras instaladas nas obras maiores permitem ver a execu\u00e7\u00e3o em tempo real, ajudando na tomada de decis\u00f5es.<\/span><\/p>\n","protected":false},"excerpt":{"rendered":"<p>Durante dois dias, nesta sexta-feira, dia 19 de janeiro, e s\u00e1bado, dia 20, na Resid\u00eancia Oficial em Fortaleza, o governador Camilo Santana promove a primeira reuni\u00e3o do Monitoramento de A\u00e7\u00f5es e Programas Priorit\u00e1rios (MAPP) de 2018. Ser\u00e1 uma oportunidade de definir prioridades em rela\u00e7\u00e3o a projetos em execu\u00e7\u00e3o no Estado. Todos os secret\u00e1rios de Estado e diretores de \u00f3rg\u00e3os vinculados estar\u00e3o presentes para prestarem contas do planejamento de cada pasta. Na reuni\u00e3o do MAPP, o governador tem \u00e0 frente&hellip;<\/p>\n","protected":false},"author":1,"featured_media":0,"comment_status":"open","ping_status":"open","sticky":false,"template":"","format":"standard","meta":{"footnotes":""},"categories":[1],"tags":[],"class_list":["post-7930","post","type-post","status-publish","format-standard","hentry","category-noticias"],"_links":{"self":[{"href":"https:\/\/blogdorogeriogomes.com.br\/noticias\/wp-json\/wp\/v2\/posts\/7930","targetHints":{"allow":["GET"]}}],"collection":[{"href":"https:\/\/blogdorogeriogomes.com.br\/noticias\/wp-json\/wp\/v2\/posts"}],"about":[{"href":"https:\/\/blogdorogeriogomes.com.br\/noticias\/wp-json\/wp\/v2\/types\/post"}],"author":[{"embeddable":true,"href":"https:\/\/blogdorogeriogomes.com.br\/noticias\/wp-json\/wp\/v2\/users\/1"}],"replies":[{"embeddable":true,"href":"https:\/\/blogdorogeriogomes.com.br\/noticias\/wp-json\/wp\/v2\/comments?post=7930"}],"version-history":[{"count":1,"href":"https:\/\/blogdorogeriogomes.com.br\/noticias\/wp-json\/wp\/v2\/posts\/7930\/revisions"}],"predecessor-version":[{"id":7932,"href":"https:\/\/blogdorogeriogomes.com.br\/noticias\/wp-json\/wp\/v2\/posts\/7930\/revisions\/7932"}],"wp:attachment":[{"href":"https:\/\/blogdorogeriogomes.com.br\/noticias\/wp-json\/wp\/v2\/media?parent=7930"}],"wp:term":[{"taxonomy":"category","embeddable":true,"href":"https:\/\/blogdorogeriogomes.com.br\/noticias\/wp-json\/wp\/v2\/categories?post=7930"},{"taxonomy":"post_tag","embeddable":true,"href":"https:\/\/blogdorogeriogomes.com.br\/noticias\/wp-json\/wp\/v2\/tags?post=7930"}],"curies":[{"name":"wp","href":"https:\/\/api.w.org\/{rel}","templated":true}]}}