{"id":7936,"date":"2018-01-20T10:36:55","date_gmt":"2018-01-20T10:36:55","guid":{"rendered":"http:\/\/blogdorogeriogomes.com.br\/?p=7936"},"modified":"2018-01-20T10:36:55","modified_gmt":"2018-01-20T10:36:55","slug":"pr-tenta-se-reorganizar-apos-a-saida-de-parlamentares","status":"publish","type":"post","link":"https:\/\/blogdorogeriogomes.com.br\/noticias\/2018\/01\/pr-tenta-se-reorganizar-apos-a-saida-de-parlamentares\/","title":{"rendered":"PR tenta se reorganizar ap\u00f3s a sa\u00edda de parlamentares"},"content":{"rendered":"<p><img loading=\"lazy\" decoding=\"async\" class=\"alignnone size-medium wp-image-7937\" src=\"http:\/\/blogdorogeriogomes.com.br\/wp-content\/uploads\/2018\/01\/unnamed-17-300x225.jpg\" alt=\"unnamed (17)\" width=\"300\" height=\"225\" srcset=\"https:\/\/blogdorogeriogomes.com.br\/noticias\/wp-content\/uploads\/2018\/01\/unnamed-17-300x225.jpg 300w, https:\/\/blogdorogeriogomes.com.br\/noticias\/wp-content\/uploads\/2018\/01\/unnamed-17.jpg 310w\" sizes=\"auto, (max-width: 300px) 100vw, 300px\" \/><\/p>\n<p><span style=\"font-weight: 400;\">As sa\u00eddas do deputado federal Cabo Sabino e do deputado estadual Capit\u00e3o Wagner desestruturam o PR, comandado pelo ex-governador L\u00facio Alc\u00e2ntara. Al\u00e9m de perder nomes importantes, dentro da pr\u00f3pria agremia\u00e7\u00e3o, a discord\u00e2ncia de pensamento de parlamentares atrapalha o trabalho de oposi\u00e7\u00e3o ao Governo Camilo Santana.<\/span><\/p>\n<p><span style=\"font-weight: 400;\">A vice-presidente do PR no Cear\u00e1, a deputada federal Gorete Pereira est\u00e1 alinhada hoje ao governador e admite publicamente que votar\u00e1 pela reelei\u00e7\u00e3o de Camilo Santana.<\/span><\/p>\n<p><span style=\"font-weight: 400;\">O ex-deputado Roberto Pessoa dever\u00e1 assumir a presid\u00eancia do PR no Cear\u00e1 para tentar reorganizar o partido. Hoje, com mandato parlamentar, a agremia\u00e7\u00e3o s\u00f3 tem a deputada estadual Fernanda Pessoa fazendo oposi\u00e7\u00e3o na Assembleia Legislativa.<\/span><\/p>\n","protected":false},"excerpt":{"rendered":"<p>As sa\u00eddas do deputado federal Cabo Sabino e do deputado estadual Capit\u00e3o Wagner desestruturam o PR, comandado pelo ex-governador L\u00facio Alc\u00e2ntara. Al\u00e9m de perder nomes importantes, dentro da pr\u00f3pria agremia\u00e7\u00e3o, a discord\u00e2ncia de pensamento de parlamentares atrapalha o trabalho de oposi\u00e7\u00e3o ao Governo Camilo Santana. A vice-presidente do PR no Cear\u00e1, a deputada federal Gorete Pereira est\u00e1 alinhada hoje ao governador e admite publicamente que votar\u00e1 pela reelei\u00e7\u00e3o de Camilo Santana. O ex-deputado Roberto Pessoa dever\u00e1 assumir a presid\u00eancia&hellip;<\/p>\n","protected":false},"author":1,"featured_media":0,"comment_status":"open","ping_status":"open","sticky":false,"template":"","format":"standard","meta":{"footnotes":""},"categories":[1],"tags":[],"class_list":["post-7936","post","type-post","status-publish","format-standard","hentry","category-noticias"],"_links":{"self":[{"href":"https:\/\/blogdorogeriogomes.com.br\/noticias\/wp-json\/wp\/v2\/posts\/7936","targetHints":{"allow":["GET"]}}],"collection":[{"href":"https:\/\/blogdorogeriogomes.com.br\/noticias\/wp-json\/wp\/v2\/posts"}],"about":[{"href":"https:\/\/blogdorogeriogomes.com.br\/noticias\/wp-json\/wp\/v2\/types\/post"}],"author":[{"embeddable":true,"href":"https:\/\/blogdorogeriogomes.com.br\/noticias\/wp-json\/wp\/v2\/users\/1"}],"replies":[{"embeddable":true,"href":"https:\/\/blogdorogeriogomes.com.br\/noticias\/wp-json\/wp\/v2\/comments?post=7936"}],"version-history":[{"count":1,"href":"https:\/\/blogdorogeriogomes.com.br\/noticias\/wp-json\/wp\/v2\/posts\/7936\/revisions"}],"predecessor-version":[{"id":7938,"href":"https:\/\/blogdorogeriogomes.com.br\/noticias\/wp-json\/wp\/v2\/posts\/7936\/revisions\/7938"}],"wp:attachment":[{"href":"https:\/\/blogdorogeriogomes.com.br\/noticias\/wp-json\/wp\/v2\/media?parent=7936"}],"wp:term":[{"taxonomy":"category","embeddable":true,"href":"https:\/\/blogdorogeriogomes.com.br\/noticias\/wp-json\/wp\/v2\/categories?post=7936"},{"taxonomy":"post_tag","embeddable":true,"href":"https:\/\/blogdorogeriogomes.com.br\/noticias\/wp-json\/wp\/v2\/tags?post=7936"}],"curies":[{"name":"wp","href":"https:\/\/api.w.org\/{rel}","templated":true}]}}