{"id":7942,"date":"2018-01-22T08:55:51","date_gmt":"2018-01-22T08:55:51","guid":{"rendered":"http:\/\/blogdorogeriogomes.com.br\/?p=7942"},"modified":"2018-01-22T08:55:51","modified_gmt":"2018-01-22T08:55:51","slug":"reajuste-dos-servidores-estaduais-deve-ser-definido-ate-fevereiro","status":"publish","type":"post","link":"https:\/\/blogdorogeriogomes.com.br\/noticias\/2018\/01\/reajuste-dos-servidores-estaduais-deve-ser-definido-ate-fevereiro\/","title":{"rendered":"Reajuste dos servidores estaduais deve ser definido at\u00e9 fevereiro"},"content":{"rendered":"<p><img loading=\"lazy\" decoding=\"async\" class=\"alignnone size-medium wp-image-7943\" src=\"http:\/\/blogdorogeriogomes.com.br\/wp-content\/uploads\/2018\/01\/unnamed-19-300x169.jpg\" alt=\"unnamed (19)\" width=\"300\" height=\"169\" srcset=\"https:\/\/blogdorogeriogomes.com.br\/noticias\/wp-content\/uploads\/2018\/01\/unnamed-19-300x169.jpg 300w, https:\/\/blogdorogeriogomes.com.br\/noticias\/wp-content\/uploads\/2018\/01\/unnamed-19.jpg 511w\" sizes=\"auto, (max-width: 300px) 100vw, 300px\" \/><\/p>\n<p><span style=\"font-weight: 400;\">A meta do Governo do Estado \u00e9 fechar o percentual de reajuste dos servidores p\u00fablicos estaduais at\u00e9 fevereiro. O aumento de 2018 ainda est\u00e1 em fase de estudo na Secretaria de Planejamento. De acordo com o secret\u00e1rio Maia J\u00fanior, os servidores devem ter o reajuste salarial, um novo modelo de previd\u00eancia e tamb\u00e9m uma nova assist\u00eancia m\u00e9dica definidos at\u00e9 o fim de fevereiro deste ano.<\/span><\/p>\n<p><span style=\"font-weight: 400;\">Foram formadas equipe t\u00e9cnicas do governo e representantes dos servidores para elaborar as a\u00e7\u00f5es. Depois, as mudan\u00e7as ser\u00e3o apresentadas ao governador Camilo Santana e seguem para aprova\u00e7\u00e3o na Assembleia Legislativa.<\/span><\/p>\n","protected":false},"excerpt":{"rendered":"<p>A meta do Governo do Estado \u00e9 fechar o percentual de reajuste dos servidores p\u00fablicos estaduais at\u00e9 fevereiro. O aumento de 2018 ainda est\u00e1 em fase de estudo na Secretaria de Planejamento. De acordo com o secret\u00e1rio Maia J\u00fanior, os servidores devem ter o reajuste salarial, um novo modelo de previd\u00eancia e tamb\u00e9m uma nova assist\u00eancia m\u00e9dica definidos at\u00e9 o fim de fevereiro deste ano. Foram formadas equipe t\u00e9cnicas do governo e representantes dos servidores para elaborar as a\u00e7\u00f5es.&hellip;<\/p>\n","protected":false},"author":1,"featured_media":0,"comment_status":"open","ping_status":"open","sticky":false,"template":"","format":"standard","meta":{"footnotes":""},"categories":[1],"tags":[],"class_list":["post-7942","post","type-post","status-publish","format-standard","hentry","category-noticias"],"_links":{"self":[{"href":"https:\/\/blogdorogeriogomes.com.br\/noticias\/wp-json\/wp\/v2\/posts\/7942","targetHints":{"allow":["GET"]}}],"collection":[{"href":"https:\/\/blogdorogeriogomes.com.br\/noticias\/wp-json\/wp\/v2\/posts"}],"about":[{"href":"https:\/\/blogdorogeriogomes.com.br\/noticias\/wp-json\/wp\/v2\/types\/post"}],"author":[{"embeddable":true,"href":"https:\/\/blogdorogeriogomes.com.br\/noticias\/wp-json\/wp\/v2\/users\/1"}],"replies":[{"embeddable":true,"href":"https:\/\/blogdorogeriogomes.com.br\/noticias\/wp-json\/wp\/v2\/comments?post=7942"}],"version-history":[{"count":1,"href":"https:\/\/blogdorogeriogomes.com.br\/noticias\/wp-json\/wp\/v2\/posts\/7942\/revisions"}],"predecessor-version":[{"id":7944,"href":"https:\/\/blogdorogeriogomes.com.br\/noticias\/wp-json\/wp\/v2\/posts\/7942\/revisions\/7944"}],"wp:attachment":[{"href":"https:\/\/blogdorogeriogomes.com.br\/noticias\/wp-json\/wp\/v2\/media?parent=7942"}],"wp:term":[{"taxonomy":"category","embeddable":true,"href":"https:\/\/blogdorogeriogomes.com.br\/noticias\/wp-json\/wp\/v2\/categories?post=7942"},{"taxonomy":"post_tag","embeddable":true,"href":"https:\/\/blogdorogeriogomes.com.br\/noticias\/wp-json\/wp\/v2\/tags?post=7942"}],"curies":[{"name":"wp","href":"https:\/\/api.w.org\/{rel}","templated":true}]}}