{"id":7945,"date":"2018-01-22T09:17:18","date_gmt":"2018-01-22T09:17:18","guid":{"rendered":"http:\/\/blogdorogeriogomes.com.br\/?p=7945"},"modified":"2018-01-22T09:17:18","modified_gmt":"2018-01-22T09:17:18","slug":"posse-de-ministra-do-trabalho-e-suspensa-de-novo-essa-novela-vai-ate-quando","status":"publish","type":"post","link":"https:\/\/blogdorogeriogomes.com.br\/noticias\/2018\/01\/posse-de-ministra-do-trabalho-e-suspensa-de-novo-essa-novela-vai-ate-quando\/","title":{"rendered":"Posse de Ministra do Trabalho \u00e9 suspensa de novo. Essa novela vai at\u00e9 quando?"},"content":{"rendered":"<p><img loading=\"lazy\" decoding=\"async\" class=\"alignnone size-medium wp-image-7946\" src=\"http:\/\/blogdorogeriogomes.com.br\/wp-content\/uploads\/2018\/01\/unnamed-20-300x205.jpg\" alt=\"unnamed (20)\" width=\"300\" height=\"205\" srcset=\"https:\/\/blogdorogeriogomes.com.br\/noticias\/wp-content\/uploads\/2018\/01\/unnamed-20-300x205.jpg 300w, https:\/\/blogdorogeriogomes.com.br\/noticias\/wp-content\/uploads\/2018\/01\/unnamed-20.jpg 464w\" sizes=\"auto, (max-width: 300px) 100vw, 300px\" \/><\/p>\n<p><span style=\"font-weight: 400;\">A falta de sensibilidade e bom senso do Governo Temer beiram o rid\u00edculo. A insist\u00eancia em tentar nomear uma deputada federal j\u00e1 condenada em uma a\u00e7\u00e3o trabalhista como nova Ministra do Trabalho virou at\u00e9 caso de an\u00e1lise pela presidente do STF, ministra C\u00e1rmen L\u00facia. E entre autoriza\u00e7\u00f5es e suspens\u00f5es da posse, C\u00e1rmen L\u00facia barrou mais uma vez a posse da deputada Cristiane Brasil, filha do presidente nacional do PTB, Roberto Jefferson, que ocorreria na manh\u00e3 desta segunda-feira, dia 22 de janeiro.<\/span><\/p>\n<p><span style=\"font-weight: 400;\">Como a indica\u00e7\u00e3o do Minist\u00e9rio cabe ao PTB, Roberto Jefferson insiste em manter o nome \u00a0da filha como a escolhida para o cargo, apesar de todo o vexame a que j\u00e1 submeteu ao Governo Temer. A nova suspens\u00e3o partiu de um pedido de liminar feito pelo Mati (Movimento dos Advogados Trabalhistas Independentes) logo ap\u00f3s a decis\u00e3o do STJ, s\u00e1bado, dia 20 de fevereiro, que autorizou a posse.<\/span><\/p>\n","protected":false},"excerpt":{"rendered":"<p>A falta de sensibilidade e bom senso do Governo Temer beiram o rid\u00edculo. A insist\u00eancia em tentar nomear uma deputada federal j\u00e1 condenada em uma a\u00e7\u00e3o trabalhista como nova Ministra do Trabalho virou at\u00e9 caso de an\u00e1lise pela presidente do STF, ministra C\u00e1rmen L\u00facia. E entre autoriza\u00e7\u00f5es e suspens\u00f5es da posse, C\u00e1rmen L\u00facia barrou mais uma vez a posse da deputada Cristiane Brasil, filha do presidente nacional do PTB, Roberto Jefferson, que ocorreria na manh\u00e3 desta segunda-feira, dia 22&hellip;<\/p>\n","protected":false},"author":1,"featured_media":0,"comment_status":"open","ping_status":"open","sticky":false,"template":"","format":"standard","meta":{"footnotes":""},"categories":[1],"tags":[],"class_list":["post-7945","post","type-post","status-publish","format-standard","hentry","category-noticias"],"_links":{"self":[{"href":"https:\/\/blogdorogeriogomes.com.br\/noticias\/wp-json\/wp\/v2\/posts\/7945","targetHints":{"allow":["GET"]}}],"collection":[{"href":"https:\/\/blogdorogeriogomes.com.br\/noticias\/wp-json\/wp\/v2\/posts"}],"about":[{"href":"https:\/\/blogdorogeriogomes.com.br\/noticias\/wp-json\/wp\/v2\/types\/post"}],"author":[{"embeddable":true,"href":"https:\/\/blogdorogeriogomes.com.br\/noticias\/wp-json\/wp\/v2\/users\/1"}],"replies":[{"embeddable":true,"href":"https:\/\/blogdorogeriogomes.com.br\/noticias\/wp-json\/wp\/v2\/comments?post=7945"}],"version-history":[{"count":1,"href":"https:\/\/blogdorogeriogomes.com.br\/noticias\/wp-json\/wp\/v2\/posts\/7945\/revisions"}],"predecessor-version":[{"id":7947,"href":"https:\/\/blogdorogeriogomes.com.br\/noticias\/wp-json\/wp\/v2\/posts\/7945\/revisions\/7947"}],"wp:attachment":[{"href":"https:\/\/blogdorogeriogomes.com.br\/noticias\/wp-json\/wp\/v2\/media?parent=7945"}],"wp:term":[{"taxonomy":"category","embeddable":true,"href":"https:\/\/blogdorogeriogomes.com.br\/noticias\/wp-json\/wp\/v2\/categories?post=7945"},{"taxonomy":"post_tag","embeddable":true,"href":"https:\/\/blogdorogeriogomes.com.br\/noticias\/wp-json\/wp\/v2\/tags?post=7945"}],"curies":[{"name":"wp","href":"https:\/\/api.w.org\/{rel}","templated":true}]}}