{"id":7948,"date":"2018-01-22T14:15:39","date_gmt":"2018-01-22T14:15:39","guid":{"rendered":"http:\/\/blogdorogeriogomes.com.br\/?p=7948"},"modified":"2018-01-22T14:15:39","modified_gmt":"2018-01-22T14:15:39","slug":"funceme-mostra-otimismo-que-quadra-chuvosa-de-2018-seja-acima-da-media-historica","status":"publish","type":"post","link":"https:\/\/blogdorogeriogomes.com.br\/noticias\/2018\/01\/funceme-mostra-otimismo-que-quadra-chuvosa-de-2018-seja-acima-da-media-historica\/","title":{"rendered":"Funceme mostra otimismo que quadra chuvosa de 2018 seja acima da m\u00e9dia hist\u00f3rica"},"content":{"rendered":"<p><img loading=\"lazy\" decoding=\"async\" class=\"alignnone size-medium wp-image-7949\" src=\"http:\/\/blogdorogeriogomes.com.br\/wp-content\/uploads\/2018\/01\/IMG_20180122_111104_653-300x169.jpg\" alt=\"IMG_20180122_111104_653\" width=\"300\" height=\"169\" srcset=\"https:\/\/blogdorogeriogomes.com.br\/noticias\/wp-content\/uploads\/2018\/01\/IMG_20180122_111104_653-300x169.jpg 300w, https:\/\/blogdorogeriogomes.com.br\/noticias\/wp-content\/uploads\/2018\/01\/IMG_20180122_111104_653-768x433.jpg 768w, https:\/\/blogdorogeriogomes.com.br\/noticias\/wp-content\/uploads\/2018\/01\/IMG_20180122_111104_653-1024x577.jpg 1024w, https:\/\/blogdorogeriogomes.com.br\/noticias\/wp-content\/uploads\/2018\/01\/IMG_20180122_111104_653.jpg 1038w\" sizes=\"auto, (max-width: 300px) 100vw, 300px\" \/><\/p>\n<p><span style=\"font-weight: 400;\">A previs\u00e3o \u00e9 otimista para o cearense. A Funda\u00e7\u00e3o Cearense de Meteorologia (Funceme) confirma que o progn\u00f3stico de chuvas no Cear\u00e1 para a pr\u00f3xima quadra chuvosa (fevereiro a abril) \u00e9 de precipita\u00e7\u00f5es acima da m\u00e9dia hist\u00f3rica.<\/span><\/p>\n<p><span style=\"font-weight: 400;\">O an\u00fancio foi realizado pelo presidente da Funceme, Eduardo S\u00e1vio, na presen\u00e7a do governador Camilo Santana, no Pal\u00e1cio da Aboli\u00e7\u00e3o, em Fortaleza. O levantamento da Funceme mostra probabilidade de 40% de chuvas acima da m\u00e9dia hist\u00f3rica, 35% na m\u00e9dia e 25% abaixo. <\/span><\/p>\n<p><span style=\"font-weight: 400;\">A necessidade de boas chuvas em 2018 est\u00e1 diretamente relacionada \u00e0 situa\u00e7\u00e3o h\u00eddrica do Estado. Os 155 a\u00e7udes monitorados pela Companhia de Gest\u00e3o dos Recursos H\u00eddricos t\u00eam hoje apenas 6,8% da capacidade.<\/span><\/p>\n","protected":false},"excerpt":{"rendered":"<p>A previs\u00e3o \u00e9 otimista para o cearense. A Funda\u00e7\u00e3o Cearense de Meteorologia (Funceme) confirma que o progn\u00f3stico de chuvas no Cear\u00e1 para a pr\u00f3xima quadra chuvosa (fevereiro a abril) \u00e9 de precipita\u00e7\u00f5es acima da m\u00e9dia hist\u00f3rica. O an\u00fancio foi realizado pelo presidente da Funceme, Eduardo S\u00e1vio, na presen\u00e7a do governador Camilo Santana, no Pal\u00e1cio da Aboli\u00e7\u00e3o, em Fortaleza. O levantamento da Funceme mostra probabilidade de 40% de chuvas acima da m\u00e9dia hist\u00f3rica, 35% na m\u00e9dia e 25% abaixo. A&hellip;<\/p>\n","protected":false},"author":1,"featured_media":0,"comment_status":"open","ping_status":"open","sticky":false,"template":"","format":"standard","meta":{"footnotes":""},"categories":[1],"tags":[],"class_list":["post-7948","post","type-post","status-publish","format-standard","hentry","category-noticias"],"_links":{"self":[{"href":"https:\/\/blogdorogeriogomes.com.br\/noticias\/wp-json\/wp\/v2\/posts\/7948","targetHints":{"allow":["GET"]}}],"collection":[{"href":"https:\/\/blogdorogeriogomes.com.br\/noticias\/wp-json\/wp\/v2\/posts"}],"about":[{"href":"https:\/\/blogdorogeriogomes.com.br\/noticias\/wp-json\/wp\/v2\/types\/post"}],"author":[{"embeddable":true,"href":"https:\/\/blogdorogeriogomes.com.br\/noticias\/wp-json\/wp\/v2\/users\/1"}],"replies":[{"embeddable":true,"href":"https:\/\/blogdorogeriogomes.com.br\/noticias\/wp-json\/wp\/v2\/comments?post=7948"}],"version-history":[{"count":1,"href":"https:\/\/blogdorogeriogomes.com.br\/noticias\/wp-json\/wp\/v2\/posts\/7948\/revisions"}],"predecessor-version":[{"id":7950,"href":"https:\/\/blogdorogeriogomes.com.br\/noticias\/wp-json\/wp\/v2\/posts\/7948\/revisions\/7950"}],"wp:attachment":[{"href":"https:\/\/blogdorogeriogomes.com.br\/noticias\/wp-json\/wp\/v2\/media?parent=7948"}],"wp:term":[{"taxonomy":"category","embeddable":true,"href":"https:\/\/blogdorogeriogomes.com.br\/noticias\/wp-json\/wp\/v2\/categories?post=7948"},{"taxonomy":"post_tag","embeddable":true,"href":"https:\/\/blogdorogeriogomes.com.br\/noticias\/wp-json\/wp\/v2\/tags?post=7948"}],"curies":[{"name":"wp","href":"https:\/\/api.w.org\/{rel}","templated":true}]}}