{"id":7954,"date":"2018-01-23T08:59:14","date_gmt":"2018-01-23T08:59:14","guid":{"rendered":"http:\/\/blogdorogeriogomes.com.br\/?p=7954"},"modified":"2018-01-23T08:59:14","modified_gmt":"2018-01-23T08:59:14","slug":"na-volta-do-recesso-assembleia-legislativa-tem-pautas-importantes-para-votar","status":"publish","type":"post","link":"https:\/\/blogdorogeriogomes.com.br\/noticias\/2018\/01\/na-volta-do-recesso-assembleia-legislativa-tem-pautas-importantes-para-votar\/","title":{"rendered":"Na volta do recesso, Assembleia Legislativa tem pautas importantes para votar"},"content":{"rendered":"<p><img loading=\"lazy\" decoding=\"async\" class=\"alignnone size-medium wp-image-7955\" src=\"http:\/\/blogdorogeriogomes.com.br\/wp-content\/uploads\/2018\/01\/images-300x200.jpeg\" alt=\"images\" width=\"300\" height=\"200\" srcset=\"https:\/\/blogdorogeriogomes.com.br\/noticias\/wp-content\/uploads\/2018\/01\/images-300x200.jpeg 300w, https:\/\/blogdorogeriogomes.com.br\/noticias\/wp-content\/uploads\/2018\/01\/images.jpeg 470w\" sizes=\"auto, (max-width: 300px) 100vw, 300px\" \/><\/p>\n<p><span style=\"font-weight: 400;\">Os deputados estaduais cearenses retornam do recesso legislativo no pr\u00f3ximo dia 2 de fevereiro. O Governo do Estado ser\u00e1 respons\u00e1vel pelo envio de projetos importantes que devem ser apreciados pela Assembleia Legislativa ainda no primeiro semestre. <\/span><\/p>\n<p><span style=\"font-weight: 400;\">Segundo o l\u00edder do Governo na AL, Evandro Leit\u00e3o (PDT), na volta do recesso parlamentar, devem come\u00e7ar a tramitar na Casa o projeto de reajuste salarial dos servidores p\u00fablicos e a convoca\u00e7\u00e3o de novos concursos p\u00fablicos no Cear\u00e1. Um que se destaca \u00e9 o da Secretaria de Cultura, com 132 vagas dispon\u00edveis para profissionais de n\u00edvel superior em diversas \u00e1reas.<\/span><\/p>\n","protected":false},"excerpt":{"rendered":"<p>Os deputados estaduais cearenses retornam do recesso legislativo no pr\u00f3ximo dia 2 de fevereiro. O Governo do Estado ser\u00e1 respons\u00e1vel pelo envio de projetos importantes que devem ser apreciados pela Assembleia Legislativa ainda no primeiro semestre. Segundo o l\u00edder do Governo na AL, Evandro Leit\u00e3o (PDT), na volta do recesso parlamentar, devem come\u00e7ar a tramitar na Casa o projeto de reajuste salarial dos servidores p\u00fablicos e a convoca\u00e7\u00e3o de novos concursos p\u00fablicos no Cear\u00e1. Um que se destaca \u00e9&hellip;<\/p>\n","protected":false},"author":1,"featured_media":0,"comment_status":"open","ping_status":"open","sticky":false,"template":"","format":"standard","meta":{"footnotes":""},"categories":[1],"tags":[],"class_list":["post-7954","post","type-post","status-publish","format-standard","hentry","category-noticias"],"_links":{"self":[{"href":"https:\/\/blogdorogeriogomes.com.br\/noticias\/wp-json\/wp\/v2\/posts\/7954","targetHints":{"allow":["GET"]}}],"collection":[{"href":"https:\/\/blogdorogeriogomes.com.br\/noticias\/wp-json\/wp\/v2\/posts"}],"about":[{"href":"https:\/\/blogdorogeriogomes.com.br\/noticias\/wp-json\/wp\/v2\/types\/post"}],"author":[{"embeddable":true,"href":"https:\/\/blogdorogeriogomes.com.br\/noticias\/wp-json\/wp\/v2\/users\/1"}],"replies":[{"embeddable":true,"href":"https:\/\/blogdorogeriogomes.com.br\/noticias\/wp-json\/wp\/v2\/comments?post=7954"}],"version-history":[{"count":1,"href":"https:\/\/blogdorogeriogomes.com.br\/noticias\/wp-json\/wp\/v2\/posts\/7954\/revisions"}],"predecessor-version":[{"id":7956,"href":"https:\/\/blogdorogeriogomes.com.br\/noticias\/wp-json\/wp\/v2\/posts\/7954\/revisions\/7956"}],"wp:attachment":[{"href":"https:\/\/blogdorogeriogomes.com.br\/noticias\/wp-json\/wp\/v2\/media?parent=7954"}],"wp:term":[{"taxonomy":"category","embeddable":true,"href":"https:\/\/blogdorogeriogomes.com.br\/noticias\/wp-json\/wp\/v2\/categories?post=7954"},{"taxonomy":"post_tag","embeddable":true,"href":"https:\/\/blogdorogeriogomes.com.br\/noticias\/wp-json\/wp\/v2\/tags?post=7954"}],"curies":[{"name":"wp","href":"https:\/\/api.w.org\/{rel}","templated":true}]}}