{"id":7957,"date":"2018-01-23T10:08:05","date_gmt":"2018-01-23T10:08:05","guid":{"rendered":"http:\/\/blogdorogeriogomes.com.br\/?p=7957"},"modified":"2018-01-23T12:11:29","modified_gmt":"2018-01-23T12:11:29","slug":"transposicao-e-cinturao-das-aguas-desafios-para-o-governo-concluir-obras","status":"publish","type":"post","link":"https:\/\/blogdorogeriogomes.com.br\/noticias\/2018\/01\/transposicao-e-cinturao-das-aguas-desafios-para-o-governo-concluir-obras\/","title":{"rendered":"Transposi\u00e7\u00e3o e Cintur\u00e3o das \u00c1guas: desafios para o Governo concluir obras"},"content":{"rendered":"<p><img loading=\"lazy\" decoding=\"async\" class=\"alignnone size-medium wp-image-7958\" src=\"http:\/\/blogdorogeriogomes.com.br\/wp-content\/uploads\/2018\/01\/images-1-300x240.jpeg\" alt=\"images (1)\" width=\"300\" height=\"240\" \/><\/p>\n<p><span style=\"font-weight: 400;\">Enquanto se torce por uma quadra chuvosa no Cear\u00e1, a preocupa\u00e7\u00e3o \u00e9 com a conclus\u00e3o das obras de transposi\u00e7\u00e3o das \u00e1guas do Rio S\u00e3o Francisco. A obra foi retomada no ano passado ap\u00f3s paralisa\u00e7\u00e3o provocada pelo abandono dos servi\u00e7os da Construtora Mendes J\u00fanior, em agosto de 2016.<\/span><span style=\"font-weight: 400;\"><br \/>\n<\/span><span style=\"font-weight: 400;\">O governador Camilo Santana esteve em dezembro passado na obra do Eixo Norte<\/span><span style=\"font-size: 0.8rem;\">\u00a0na divisa entre Cear\u00e1 e Pernambuco, por onde a \u00e1gua dever\u00e1 chegar no Estado. Ele deve retornar a Salgueiro (PE) ainda este m\u00eas para verificar o andamento dos servi\u00e7os. Camilo ainda acompanha a execu\u00e7\u00e3o das obras do Cintur\u00e3o<\/span><span style=\"font-size: 0.8rem;\">\u00a0das \u00c1guas pelo interior do Cear\u00e1, que vai ajudar na distribui\u00e7\u00e3o das \u00e1guas do S\u00e3o Francisco.<\/span><\/p>\n<p><span style=\"font-weight: 400;\">De acordo com a Secretaria de Recursos H\u00eddricos, se o Eixo Norte da Transposi\u00e7\u00e3o do Rio S\u00e3o Francisco esteja conclu\u00eddo, no primeiro semestre de 2018, o Cear\u00e1 estar\u00e1 pronto para receber sua \u00e1gua.<\/span><\/p>\n","protected":false},"excerpt":{"rendered":"<p>Enquanto se torce por uma quadra chuvosa no Cear\u00e1, a preocupa\u00e7\u00e3o \u00e9 com a conclus\u00e3o das obras de transposi\u00e7\u00e3o das \u00e1guas do Rio S\u00e3o Francisco. A obra foi retomada no ano passado ap\u00f3s paralisa\u00e7\u00e3o provocada pelo abandono dos servi\u00e7os da Construtora Mendes J\u00fanior, em agosto de 2016. O governador Camilo Santana esteve em dezembro passado na obra do Eixo Norte\u00a0na divisa entre Cear\u00e1 e Pernambuco, por onde a \u00e1gua dever\u00e1 chegar no Estado. Ele deve retornar a Salgueiro (PE)&hellip;<\/p>\n","protected":false},"author":1,"featured_media":0,"comment_status":"open","ping_status":"open","sticky":false,"template":"","format":"standard","meta":{"footnotes":""},"categories":[1],"tags":[],"class_list":["post-7957","post","type-post","status-publish","format-standard","hentry","category-noticias"],"_links":{"self":[{"href":"https:\/\/blogdorogeriogomes.com.br\/noticias\/wp-json\/wp\/v2\/posts\/7957","targetHints":{"allow":["GET"]}}],"collection":[{"href":"https:\/\/blogdorogeriogomes.com.br\/noticias\/wp-json\/wp\/v2\/posts"}],"about":[{"href":"https:\/\/blogdorogeriogomes.com.br\/noticias\/wp-json\/wp\/v2\/types\/post"}],"author":[{"embeddable":true,"href":"https:\/\/blogdorogeriogomes.com.br\/noticias\/wp-json\/wp\/v2\/users\/1"}],"replies":[{"embeddable":true,"href":"https:\/\/blogdorogeriogomes.com.br\/noticias\/wp-json\/wp\/v2\/comments?post=7957"}],"version-history":[{"count":2,"href":"https:\/\/blogdorogeriogomes.com.br\/noticias\/wp-json\/wp\/v2\/posts\/7957\/revisions"}],"predecessor-version":[{"id":7960,"href":"https:\/\/blogdorogeriogomes.com.br\/noticias\/wp-json\/wp\/v2\/posts\/7957\/revisions\/7960"}],"wp:attachment":[{"href":"https:\/\/blogdorogeriogomes.com.br\/noticias\/wp-json\/wp\/v2\/media?parent=7957"}],"wp:term":[{"taxonomy":"category","embeddable":true,"href":"https:\/\/blogdorogeriogomes.com.br\/noticias\/wp-json\/wp\/v2\/categories?post=7957"},{"taxonomy":"post_tag","embeddable":true,"href":"https:\/\/blogdorogeriogomes.com.br\/noticias\/wp-json\/wp\/v2\/tags?post=7957"}],"curies":[{"name":"wp","href":"https:\/\/api.w.org\/{rel}","templated":true}]}}