{"id":7971,"date":"2018-01-24T09:09:32","date_gmt":"2018-01-24T09:09:32","guid":{"rendered":"http:\/\/blogdorogeriogomes.com.br\/?p=7971"},"modified":"2018-01-24T09:09:32","modified_gmt":"2018-01-24T09:09:32","slug":"escolas-publicas-no-interior-comecam-a-receber-melhorias-a-partir-da-proxima-semana","status":"publish","type":"post","link":"https:\/\/blogdorogeriogomes.com.br\/noticias\/2018\/01\/escolas-publicas-no-interior-comecam-a-receber-melhorias-a-partir-da-proxima-semana\/","title":{"rendered":"Escolas p\u00fablicas no interior come\u00e7am a receber melhorias a partir da pr\u00f3xima semana"},"content":{"rendered":"<p><img loading=\"lazy\" decoding=\"async\" class=\"alignnone size-medium wp-image-7974\" src=\"http:\/\/blogdorogeriogomes.com.br\/wp-content\/uploads\/2018\/01\/images-4-300x225.jpeg\" alt=\"images (4)\" width=\"300\" height=\"225\" srcset=\"https:\/\/blogdorogeriogomes.com.br\/noticias\/wp-content\/uploads\/2018\/01\/images-4-300x225.jpeg 300w, https:\/\/blogdorogeriogomes.com.br\/noticias\/wp-content\/uploads\/2018\/01\/images-4.jpeg 443w\" sizes=\"auto, (max-width: 300px) 100vw, 300px\" \/><\/p>\n<p><span style=\"font-weight: 400;\">A demanda no setor \u00e9 antiga e promete agora sair do papel. A Secretaria de Educa\u00e7\u00e3o do Estado j\u00e1 deve come\u00e7ar, a partir da pr\u00f3xima semana, a reforma de algumas escolas p\u00fablicas no interior do Cear\u00e1. O investimento j\u00e1 autorizado pelo governador Camilo Santana \u00e9 de R$ 27 milh\u00f5es. Os recursos ser\u00e3o aplicados na requalifica\u00e7\u00e3o de salas, banheiros e na reforma el\u00e9trica dos pr\u00e9dios.<\/span><span style=\"font-weight: 400;\"><br \/>\n<\/span><span style=\"font-weight: 400;\">De acordo com o secret\u00e1rio da Educa\u00e7\u00e3o do Estado, Idilvan Alencar, \u201ctodas as escolas ser\u00e3o contempladas, mas as unidades inauguradas recentemente t\u00eam uma necessidade menor\u201d. <\/span><\/p>\n<p><span style=\"font-weight: 400;\">Na semana passada, o Minist\u00e9rio da Educa\u00e7\u00e3o anunciou investimento de R$ 40 milh\u00f5es para o Cear\u00e1, o que vai permitir o funcionamento de mais 40 escolas de tempo integral no Estado.<\/span><\/p>\n","protected":false},"excerpt":{"rendered":"<p>A demanda no setor \u00e9 antiga e promete agora sair do papel. A Secretaria de Educa\u00e7\u00e3o do Estado j\u00e1 deve come\u00e7ar, a partir da pr\u00f3xima semana, a reforma de algumas escolas p\u00fablicas no interior do Cear\u00e1. O investimento j\u00e1 autorizado pelo governador Camilo Santana \u00e9 de R$ 27 milh\u00f5es. Os recursos ser\u00e3o aplicados na requalifica\u00e7\u00e3o de salas, banheiros e na reforma el\u00e9trica dos pr\u00e9dios. De acordo com o secret\u00e1rio da Educa\u00e7\u00e3o do Estado, Idilvan Alencar, \u201ctodas as escolas ser\u00e3o&hellip;<\/p>\n","protected":false},"author":1,"featured_media":0,"comment_status":"open","ping_status":"open","sticky":false,"template":"","format":"standard","meta":{"footnotes":""},"categories":[1],"tags":[],"class_list":["post-7971","post","type-post","status-publish","format-standard","hentry","category-noticias"],"_links":{"self":[{"href":"https:\/\/blogdorogeriogomes.com.br\/noticias\/wp-json\/wp\/v2\/posts\/7971","targetHints":{"allow":["GET"]}}],"collection":[{"href":"https:\/\/blogdorogeriogomes.com.br\/noticias\/wp-json\/wp\/v2\/posts"}],"about":[{"href":"https:\/\/blogdorogeriogomes.com.br\/noticias\/wp-json\/wp\/v2\/types\/post"}],"author":[{"embeddable":true,"href":"https:\/\/blogdorogeriogomes.com.br\/noticias\/wp-json\/wp\/v2\/users\/1"}],"replies":[{"embeddable":true,"href":"https:\/\/blogdorogeriogomes.com.br\/noticias\/wp-json\/wp\/v2\/comments?post=7971"}],"version-history":[{"count":1,"href":"https:\/\/blogdorogeriogomes.com.br\/noticias\/wp-json\/wp\/v2\/posts\/7971\/revisions"}],"predecessor-version":[{"id":7975,"href":"https:\/\/blogdorogeriogomes.com.br\/noticias\/wp-json\/wp\/v2\/posts\/7971\/revisions\/7975"}],"wp:attachment":[{"href":"https:\/\/blogdorogeriogomes.com.br\/noticias\/wp-json\/wp\/v2\/media?parent=7971"}],"wp:term":[{"taxonomy":"category","embeddable":true,"href":"https:\/\/blogdorogeriogomes.com.br\/noticias\/wp-json\/wp\/v2\/categories?post=7971"},{"taxonomy":"post_tag","embeddable":true,"href":"https:\/\/blogdorogeriogomes.com.br\/noticias\/wp-json\/wp\/v2\/tags?post=7971"}],"curies":[{"name":"wp","href":"https:\/\/api.w.org\/{rel}","templated":true}]}}