{"id":7976,"date":"2018-01-24T09:30:59","date_gmt":"2018-01-24T09:30:59","guid":{"rendered":"http:\/\/blogdorogeriogomes.com.br\/?p=7976"},"modified":"2018-01-24T09:30:59","modified_gmt":"2018-01-24T09:30:59","slug":"numero-de-pre-candidatos-a-presidencia-da-republica-ja-passa-de-uma-dezena","status":"publish","type":"post","link":"https:\/\/blogdorogeriogomes.com.br\/noticias\/2018\/01\/numero-de-pre-candidatos-a-presidencia-da-republica-ja-passa-de-uma-dezena\/","title":{"rendered":"N\u00famero de pr\u00e9 candidatos \u00e0 Presid\u00eancia da Rep\u00fablica j\u00e1 passa de uma dezena"},"content":{"rendered":"<p><img loading=\"lazy\" decoding=\"async\" class=\"alignnone size-medium wp-image-7977\" src=\"http:\/\/blogdorogeriogomes.com.br\/wp-content\/uploads\/2018\/01\/pre-candidatos2-300x169.jpg\" alt=\"pre-candidatos2\" width=\"300\" height=\"169\" srcset=\"https:\/\/blogdorogeriogomes.com.br\/noticias\/wp-content\/uploads\/2018\/01\/pre-candidatos2-300x169.jpg 300w, https:\/\/blogdorogeriogomes.com.br\/noticias\/wp-content\/uploads\/2018\/01\/pre-candidatos2.jpg 540w\" sizes=\"auto, (max-width: 300px) 100vw, 300px\" \/><\/p>\n<p><span style=\"font-weight: 400;\">O registro de candidatura \u00e0 Presid\u00eancia da Rep\u00fablica ainda n\u00e3o aconteceu, mas j\u00e1 h\u00e1 pelo menos 13 nomes anunciados como pr\u00e9-candidatos ao Planalto. A elei\u00e7\u00e3o ser\u00e1 em outubro e o registro oficial dos candidatos em agosto. <\/span><\/p>\n<p><span style=\"font-weight: 400;\">Al\u00e9m do ex-presidente Luiz In\u00e1cio Lula da Silva (PT), pelo menos 13 pol\u00edticos j\u00e1 formam uma lista de pr\u00e9-candidatos declarados \u00e0 Presid\u00eancia da Rep\u00fablica.<\/span><\/p>\n<p><span style=\"font-weight: 400;\">Est\u00e3o nas ruas j\u00e1 sondando eleitores e buscando apoio \u00c1lvaro Dias (Podemos), Arthur Virg\u00edlio (PSDB), Geraldo Alckmin (PSDB), Ciro Gomes (PDT), Cristovam Buarque (PPS), Eymael (PSDC), Fernando Collor (PTC), Jair Bolsonaro (PSL), Jo\u00e3o Amo\u00eado (Novo), Levy Fideliza\u00e7\u00e3o (PRTB), Manuela D&#8217;\u00c1vila (PC do B), Marina Silva (Rede) e Val\u00e9ria Monteiro (PMN).<\/span><\/p>\n<p><span style=\"font-weight: 400;\">Tem muito candidato repetido de outras elei\u00e7\u00f5es, pol\u00edtico com alguma proposta para o Pa\u00eds, mas muito gaiato tamb\u00e9m. Para todos os gostos.<\/span><\/p>\n","protected":false},"excerpt":{"rendered":"<p>O registro de candidatura \u00e0 Presid\u00eancia da Rep\u00fablica ainda n\u00e3o aconteceu, mas j\u00e1 h\u00e1 pelo menos 13 nomes anunciados como pr\u00e9-candidatos ao Planalto. A elei\u00e7\u00e3o ser\u00e1 em outubro e o registro oficial dos candidatos em agosto. Al\u00e9m do ex-presidente Luiz In\u00e1cio Lula da Silva (PT), pelo menos 13 pol\u00edticos j\u00e1 formam uma lista de pr\u00e9-candidatos declarados \u00e0 Presid\u00eancia da Rep\u00fablica. Est\u00e3o nas ruas j\u00e1 sondando eleitores e buscando apoio \u00c1lvaro Dias (Podemos), Arthur Virg\u00edlio (PSDB), Geraldo Alckmin (PSDB), Ciro&hellip;<\/p>\n","protected":false},"author":1,"featured_media":0,"comment_status":"open","ping_status":"open","sticky":false,"template":"","format":"standard","meta":{"footnotes":""},"categories":[1],"tags":[],"class_list":["post-7976","post","type-post","status-publish","format-standard","hentry","category-noticias"],"_links":{"self":[{"href":"https:\/\/blogdorogeriogomes.com.br\/noticias\/wp-json\/wp\/v2\/posts\/7976","targetHints":{"allow":["GET"]}}],"collection":[{"href":"https:\/\/blogdorogeriogomes.com.br\/noticias\/wp-json\/wp\/v2\/posts"}],"about":[{"href":"https:\/\/blogdorogeriogomes.com.br\/noticias\/wp-json\/wp\/v2\/types\/post"}],"author":[{"embeddable":true,"href":"https:\/\/blogdorogeriogomes.com.br\/noticias\/wp-json\/wp\/v2\/users\/1"}],"replies":[{"embeddable":true,"href":"https:\/\/blogdorogeriogomes.com.br\/noticias\/wp-json\/wp\/v2\/comments?post=7976"}],"version-history":[{"count":1,"href":"https:\/\/blogdorogeriogomes.com.br\/noticias\/wp-json\/wp\/v2\/posts\/7976\/revisions"}],"predecessor-version":[{"id":7978,"href":"https:\/\/blogdorogeriogomes.com.br\/noticias\/wp-json\/wp\/v2\/posts\/7976\/revisions\/7978"}],"wp:attachment":[{"href":"https:\/\/blogdorogeriogomes.com.br\/noticias\/wp-json\/wp\/v2\/media?parent=7976"}],"wp:term":[{"taxonomy":"category","embeddable":true,"href":"https:\/\/blogdorogeriogomes.com.br\/noticias\/wp-json\/wp\/v2\/categories?post=7976"},{"taxonomy":"post_tag","embeddable":true,"href":"https:\/\/blogdorogeriogomes.com.br\/noticias\/wp-json\/wp\/v2\/tags?post=7976"}],"curies":[{"name":"wp","href":"https:\/\/api.w.org\/{rel}","templated":true}]}}