{"id":7979,"date":"2018-01-24T21:33:33","date_gmt":"2018-01-24T21:33:33","guid":{"rendered":"http:\/\/blogdorogeriogomes.com.br\/?p=7979"},"modified":"2018-01-24T21:33:33","modified_gmt":"2018-01-24T21:33:33","slug":"semana-tem-sido-de-boas-chuvas-da-pre-estacao-no-ceara","status":"publish","type":"post","link":"https:\/\/blogdorogeriogomes.com.br\/noticias\/2018\/01\/semana-tem-sido-de-boas-chuvas-da-pre-estacao-no-ceara\/","title":{"rendered":"Semana tem sido de boas chuvas da pr\u00e9 esta\u00e7\u00e3o no Cear\u00e1"},"content":{"rendered":"<p><img loading=\"lazy\" decoding=\"async\" class=\"alignnone size-medium wp-image-7980\" src=\"http:\/\/blogdorogeriogomes.com.br\/wp-content\/uploads\/2018\/01\/IMG_20180124_182529_502-300x225.jpg\" alt=\"IMG_20180124_182529_502\" width=\"300\" height=\"225\" srcset=\"https:\/\/blogdorogeriogomes.com.br\/noticias\/wp-content\/uploads\/2018\/01\/IMG_20180124_182529_502-300x225.jpg 300w, https:\/\/blogdorogeriogomes.com.br\/noticias\/wp-content\/uploads\/2018\/01\/IMG_20180124_182529_502-768x576.jpg 768w, https:\/\/blogdorogeriogomes.com.br\/noticias\/wp-content\/uploads\/2018\/01\/IMG_20180124_182529_502-1024x768.jpg 1024w, https:\/\/blogdorogeriogomes.com.br\/noticias\/wp-content\/uploads\/2018\/01\/IMG_20180124_182529_502.jpg 1040w\" sizes=\"auto, (max-width: 300px) 100vw, 300px\" \/><\/p>\n<p><span style=\"font-weight: 400;\">Choveu em 60 munic\u00edpios do Cear\u00e1 nas \u00faltimas 24 horas. Ainda estamos com precipita\u00e7\u00f5es da chamada pr\u00e9 esta\u00e7\u00e3o, que come\u00e7a ainda em dezembro. A maior expectativa \u00e9 quando fevereiro chegar e a quadra invernosa tiver in\u00edcio em definitivo. O clima \u00e9 de otimismo entre os pequenos produtores rurais, que desejam plantar e ter boa safra.<\/span><\/p>\n<p><span style=\"font-weight: 400;\">Mas o mais importante \u00e9 a necessidade de reposi\u00e7\u00e3o dos reservat\u00f3rios na Capital e interior. H\u00e1 munic\u00edpios temendo o racionamento no uso da \u00e1gua, caso n\u00e3o chova o suficiente este ano.<\/span><\/p>\n<p><span style=\"font-weight: 400;\">A Funceme prev\u00ea tempo nublado em v\u00e1rias partes do Estado at\u00e9 a pr\u00f3xima sexta-feira, dia 26 de janeiro. Tamb\u00e9m est\u00e3o previstas mais chuvas, provocadas pelo V\u00f3rtice Cicl\u00f4nico de Altos N\u00edveis.<\/span><\/p>\n","protected":false},"excerpt":{"rendered":"<p>Choveu em 60 munic\u00edpios do Cear\u00e1 nas \u00faltimas 24 horas. Ainda estamos com precipita\u00e7\u00f5es da chamada pr\u00e9 esta\u00e7\u00e3o, que come\u00e7a ainda em dezembro. A maior expectativa \u00e9 quando fevereiro chegar e a quadra invernosa tiver in\u00edcio em definitivo. O clima \u00e9 de otimismo entre os pequenos produtores rurais, que desejam plantar e ter boa safra. Mas o mais importante \u00e9 a necessidade de reposi\u00e7\u00e3o dos reservat\u00f3rios na Capital e interior. H\u00e1 munic\u00edpios temendo o racionamento no uso da \u00e1gua,&hellip;<\/p>\n","protected":false},"author":1,"featured_media":0,"comment_status":"open","ping_status":"open","sticky":false,"template":"","format":"standard","meta":{"footnotes":""},"categories":[1],"tags":[],"class_list":["post-7979","post","type-post","status-publish","format-standard","hentry","category-noticias"],"_links":{"self":[{"href":"https:\/\/blogdorogeriogomes.com.br\/noticias\/wp-json\/wp\/v2\/posts\/7979","targetHints":{"allow":["GET"]}}],"collection":[{"href":"https:\/\/blogdorogeriogomes.com.br\/noticias\/wp-json\/wp\/v2\/posts"}],"about":[{"href":"https:\/\/blogdorogeriogomes.com.br\/noticias\/wp-json\/wp\/v2\/types\/post"}],"author":[{"embeddable":true,"href":"https:\/\/blogdorogeriogomes.com.br\/noticias\/wp-json\/wp\/v2\/users\/1"}],"replies":[{"embeddable":true,"href":"https:\/\/blogdorogeriogomes.com.br\/noticias\/wp-json\/wp\/v2\/comments?post=7979"}],"version-history":[{"count":1,"href":"https:\/\/blogdorogeriogomes.com.br\/noticias\/wp-json\/wp\/v2\/posts\/7979\/revisions"}],"predecessor-version":[{"id":7981,"href":"https:\/\/blogdorogeriogomes.com.br\/noticias\/wp-json\/wp\/v2\/posts\/7979\/revisions\/7981"}],"wp:attachment":[{"href":"https:\/\/blogdorogeriogomes.com.br\/noticias\/wp-json\/wp\/v2\/media?parent=7979"}],"wp:term":[{"taxonomy":"category","embeddable":true,"href":"https:\/\/blogdorogeriogomes.com.br\/noticias\/wp-json\/wp\/v2\/categories?post=7979"},{"taxonomy":"post_tag","embeddable":true,"href":"https:\/\/blogdorogeriogomes.com.br\/noticias\/wp-json\/wp\/v2\/tags?post=7979"}],"curies":[{"name":"wp","href":"https:\/\/api.w.org\/{rel}","templated":true}]}}