{"id":7982,"date":"2018-01-24T22:00:36","date_gmt":"2018-01-24T22:00:36","guid":{"rendered":"http:\/\/blogdorogeriogomes.com.br\/?p=7982"},"modified":"2018-01-24T22:00:36","modified_gmt":"2018-01-24T22:00:36","slug":"lula-foi-condenado-no-trf-4-mas-segue-solto-e-pre-candidato","status":"publish","type":"post","link":"https:\/\/blogdorogeriogomes.com.br\/noticias\/2018\/01\/lula-foi-condenado-no-trf-4-mas-segue-solto-e-pre-candidato\/","title":{"rendered":"Lula foi condenado no TRF-4. Mas segue solto e pr\u00e9 candidato"},"content":{"rendered":"<p><img loading=\"lazy\" decoding=\"async\" class=\"alignnone size-medium wp-image-7985\" src=\"http:\/\/blogdorogeriogomes.com.br\/wp-content\/uploads\/2018\/01\/images-5-300x200.jpeg\" alt=\"images (5)\" width=\"300\" height=\"200\" srcset=\"https:\/\/blogdorogeriogomes.com.br\/noticias\/wp-content\/uploads\/2018\/01\/images-5-300x200.jpeg 300w, https:\/\/blogdorogeriogomes.com.br\/noticias\/wp-content\/uploads\/2018\/01\/images-5.jpeg 470w\" sizes=\"auto, (max-width: 300px) 100vw, 300px\" \/><\/p>\n<p><span style=\"font-weight: 400;\">Os advogados do ex-presidente Lula deixaram claro mesmo antes do julgamento em segunda inst\u00e2ncia no TRF-4, em Porto Alegre. Iriam recorrer de qualquer decis\u00e3o que confirmasse a condena\u00e7\u00e3o imposta pelo juiz S\u00e9rgio Moro. E assim far\u00e3o, com o objetivo de impedir a pris\u00e3o de Lula, condenado a 12 anos em regime fechado, e de permitir que ele busque o registro para concorrer nas elei\u00e7\u00f5es presidenciais desse ano.<\/span><\/p>\n<p><span style=\"font-weight: 400;\">A decis\u00e3o do TRF-4 n\u00e3o impede o ex-presidente de pedir o registro de candidatura \u00e0 Justi\u00e7a Eleitoral e at\u00e9 mesmo fazer campanha e receber votos no dia da elei\u00e7\u00e3o, \u00a0desde que sua pris\u00e3o, pedida pelos desembargadores do TRF-4 n\u00e3o seja consumada.<\/span><\/p>\n<p><span style=\"font-weight: 400;\">Os advogados de Lula devem recorrer da condena\u00e7\u00e3o agora ao STJ (Superior Tribunal de Justi\u00e7a) e ao STF (Supremo Tribunal Federal). Querem tamb\u00e9m conseguir registrar sua candidatura na Justi\u00e7a Eleitoral. Enquanto os recursos n\u00e3o forem julgados em definitivo, o ex-presidente pode atuar como qualquer outro candidato.<\/span><span style=\"font-weight: 400;\"><br \/>\n<\/span><span style=\"font-weight: 400;\">Dois pontos devem pesar nesses recursos at\u00e9 agosto, quando ocorre o registro das candidaturas. \u00c9 a rapidez da Justi\u00e7a em julgar os recursos da defesa, tanto no campo criminal quanto no eleitoral, e tamb\u00e9m o sucesso das apela\u00e7\u00f5es nos tribunais superiores.<\/span><span style=\"font-weight: 400;\"><br \/>\n<\/span><span style=\"font-weight: 400;\">N\u00e3o custa lembrar que Lula tem liderado todas as principais pesquisas de inten\u00e7\u00e3o de voto para presidente, tendo Jair Bolsonaro em segundo lugar nas inten\u00e7\u00f5es.<\/span><\/p>\n","protected":false},"excerpt":{"rendered":"<p>Os advogados do ex-presidente Lula deixaram claro mesmo antes do julgamento em segunda inst\u00e2ncia no TRF-4, em Porto Alegre. Iriam recorrer de qualquer decis\u00e3o que confirmasse a condena\u00e7\u00e3o imposta pelo juiz S\u00e9rgio Moro. E assim far\u00e3o, com o objetivo de impedir a pris\u00e3o de Lula, condenado a 12 anos em regime fechado, e de permitir que ele busque o registro para concorrer nas elei\u00e7\u00f5es presidenciais desse ano. A decis\u00e3o do TRF-4 n\u00e3o impede o ex-presidente de pedir o registro&hellip;<\/p>\n","protected":false},"author":1,"featured_media":0,"comment_status":"open","ping_status":"open","sticky":false,"template":"","format":"standard","meta":{"footnotes":""},"categories":[1],"tags":[],"class_list":["post-7982","post","type-post","status-publish","format-standard","hentry","category-noticias"],"_links":{"self":[{"href":"https:\/\/blogdorogeriogomes.com.br\/noticias\/wp-json\/wp\/v2\/posts\/7982","targetHints":{"allow":["GET"]}}],"collection":[{"href":"https:\/\/blogdorogeriogomes.com.br\/noticias\/wp-json\/wp\/v2\/posts"}],"about":[{"href":"https:\/\/blogdorogeriogomes.com.br\/noticias\/wp-json\/wp\/v2\/types\/post"}],"author":[{"embeddable":true,"href":"https:\/\/blogdorogeriogomes.com.br\/noticias\/wp-json\/wp\/v2\/users\/1"}],"replies":[{"embeddable":true,"href":"https:\/\/blogdorogeriogomes.com.br\/noticias\/wp-json\/wp\/v2\/comments?post=7982"}],"version-history":[{"count":1,"href":"https:\/\/blogdorogeriogomes.com.br\/noticias\/wp-json\/wp\/v2\/posts\/7982\/revisions"}],"predecessor-version":[{"id":7986,"href":"https:\/\/blogdorogeriogomes.com.br\/noticias\/wp-json\/wp\/v2\/posts\/7982\/revisions\/7986"}],"wp:attachment":[{"href":"https:\/\/blogdorogeriogomes.com.br\/noticias\/wp-json\/wp\/v2\/media?parent=7982"}],"wp:term":[{"taxonomy":"category","embeddable":true,"href":"https:\/\/blogdorogeriogomes.com.br\/noticias\/wp-json\/wp\/v2\/categories?post=7982"},{"taxonomy":"post_tag","embeddable":true,"href":"https:\/\/blogdorogeriogomes.com.br\/noticias\/wp-json\/wp\/v2\/tags?post=7982"}],"curies":[{"name":"wp","href":"https:\/\/api.w.org\/{rel}","templated":true}]}}