{"id":7987,"date":"2018-01-25T08:53:31","date_gmt":"2018-01-25T08:53:31","guid":{"rendered":"http:\/\/blogdorogeriogomes.com.br\/?p=7987"},"modified":"2018-01-25T08:53:31","modified_gmt":"2018-01-25T08:53:31","slug":"governador-camilo-santana-presta-solidariedade-a-lula-em-sao-paulo","status":"publish","type":"post","link":"https:\/\/blogdorogeriogomes.com.br\/noticias\/2018\/01\/governador-camilo-santana-presta-solidariedade-a-lula-em-sao-paulo\/","title":{"rendered":"Governador Camilo Santana presta solidariedade a Lula em S\u00e3o Paulo"},"content":{"rendered":"<p><img loading=\"lazy\" decoding=\"async\" class=\"alignnone size-medium wp-image-7995\" src=\"http:\/\/blogdorogeriogomes.com.br\/wp-content\/uploads\/2018\/01\/IMG_20180125_055001-300x185.jpg\" alt=\"IMG_20180125_055001\" width=\"300\" height=\"185\" srcset=\"https:\/\/blogdorogeriogomes.com.br\/noticias\/wp-content\/uploads\/2018\/01\/IMG_20180125_055001-300x185.jpg 300w, https:\/\/blogdorogeriogomes.com.br\/noticias\/wp-content\/uploads\/2018\/01\/IMG_20180125_055001-768x473.jpg 768w, https:\/\/blogdorogeriogomes.com.br\/noticias\/wp-content\/uploads\/2018\/01\/IMG_20180125_055001.jpg 992w\" sizes=\"auto, (max-width: 300px) 100vw, 300px\" \/><\/p>\n<p><span style=\"font-weight: 400;\">Ao lado de outros governadores do Nordeste, o governador do Cear\u00e1, Camilo Santana, foi a S\u00e3o Paulo para prestar solidariedade ao ex-presidente Lula que teve a pena aumentada para 12 anos de pris\u00e3o em julgamento de segunda inst\u00e2ncia no TRF-4, em Porto Alegre. Camilo participou de um ato na Pra\u00e7a da Rep\u00fablica, Centro da Capital paulista, que reuniu cerca de 10 mil pessoas, segundo os organizadores.<\/span><\/p>\n<p><span style=\"font-weight: 400;\">Candidato \u00e0 reelei\u00e7\u00e3o ao Governo do Cear\u00e1, Camilo Santana tamb\u00e9m participar\u00e1 da reuni\u00e3o da Comiss\u00e3o Executiva Nacional para lan\u00e7ar a pr\u00e9-candidatura de Lula \u00e0 Presid\u00eancia da Rep\u00fablica, nesta quinta-feira, dia 25 de janeiro.<\/span><\/p>\n","protected":false},"excerpt":{"rendered":"<p>Ao lado de outros governadores do Nordeste, o governador do Cear\u00e1, Camilo Santana, foi a S\u00e3o Paulo para prestar solidariedade ao ex-presidente Lula que teve a pena aumentada para 12 anos de pris\u00e3o em julgamento de segunda inst\u00e2ncia no TRF-4, em Porto Alegre. Camilo participou de um ato na Pra\u00e7a da Rep\u00fablica, Centro da Capital paulista, que reuniu cerca de 10 mil pessoas, segundo os organizadores. Candidato \u00e0 reelei\u00e7\u00e3o ao Governo do Cear\u00e1, Camilo Santana tamb\u00e9m participar\u00e1 da reuni\u00e3o&hellip;<\/p>\n","protected":false},"author":1,"featured_media":0,"comment_status":"open","ping_status":"open","sticky":false,"template":"","format":"standard","meta":{"footnotes":""},"categories":[1],"tags":[],"class_list":["post-7987","post","type-post","status-publish","format-standard","hentry","category-noticias"],"_links":{"self":[{"href":"https:\/\/blogdorogeriogomes.com.br\/noticias\/wp-json\/wp\/v2\/posts\/7987","targetHints":{"allow":["GET"]}}],"collection":[{"href":"https:\/\/blogdorogeriogomes.com.br\/noticias\/wp-json\/wp\/v2\/posts"}],"about":[{"href":"https:\/\/blogdorogeriogomes.com.br\/noticias\/wp-json\/wp\/v2\/types\/post"}],"author":[{"embeddable":true,"href":"https:\/\/blogdorogeriogomes.com.br\/noticias\/wp-json\/wp\/v2\/users\/1"}],"replies":[{"embeddable":true,"href":"https:\/\/blogdorogeriogomes.com.br\/noticias\/wp-json\/wp\/v2\/comments?post=7987"}],"version-history":[{"count":1,"href":"https:\/\/blogdorogeriogomes.com.br\/noticias\/wp-json\/wp\/v2\/posts\/7987\/revisions"}],"predecessor-version":[{"id":7996,"href":"https:\/\/blogdorogeriogomes.com.br\/noticias\/wp-json\/wp\/v2\/posts\/7987\/revisions\/7996"}],"wp:attachment":[{"href":"https:\/\/blogdorogeriogomes.com.br\/noticias\/wp-json\/wp\/v2\/media?parent=7987"}],"wp:term":[{"taxonomy":"category","embeddable":true,"href":"https:\/\/blogdorogeriogomes.com.br\/noticias\/wp-json\/wp\/v2\/categories?post=7987"},{"taxonomy":"post_tag","embeddable":true,"href":"https:\/\/blogdorogeriogomes.com.br\/noticias\/wp-json\/wp\/v2\/tags?post=7987"}],"curies":[{"name":"wp","href":"https:\/\/api.w.org\/{rel}","templated":true}]}}