{"id":8000,"date":"2018-01-25T22:49:34","date_gmt":"2018-01-25T22:49:34","guid":{"rendered":"http:\/\/blogdorogeriogomes.com.br\/?p=8000"},"modified":"2018-01-25T22:49:34","modified_gmt":"2018-01-25T22:49:34","slug":"novo-terminal-de-messejana-inicia-nova-operacao-dos-onibus-neste-sabado","status":"publish","type":"post","link":"https:\/\/blogdorogeriogomes.com.br\/noticias\/2018\/01\/novo-terminal-de-messejana-inicia-nova-operacao-dos-onibus-neste-sabado\/","title":{"rendered":"Novo Terminal de Messejana inicia nova opera\u00e7\u00e3o dos \u00f4nibus neste s\u00e1bado"},"content":{"rendered":"<p><img loading=\"lazy\" decoding=\"async\" class=\"alignnone size-medium wp-image-8001\" src=\"http:\/\/blogdorogeriogomes.com.br\/wp-content\/uploads\/2018\/01\/IMG_20180125_194401_746-300x300.jpg\" alt=\"IMG_20180125_194401_746\" width=\"300\" height=\"300\" srcset=\"https:\/\/blogdorogeriogomes.com.br\/noticias\/wp-content\/uploads\/2018\/01\/IMG_20180125_194401_746-300x300.jpg 300w, https:\/\/blogdorogeriogomes.com.br\/noticias\/wp-content\/uploads\/2018\/01\/IMG_20180125_194401_746-150x150.jpg 150w, https:\/\/blogdorogeriogomes.com.br\/noticias\/wp-content\/uploads\/2018\/01\/IMG_20180125_194401_746.jpg 529w\" sizes=\"auto, (max-width: 300px) 100vw, 300px\" \/><\/p>\n<p><span style=\"font-weight: 400;\">A entrega do novo Terminal de Messejana, em Fortaleza, ser\u00e1 em abril, mas dentro do cronograma de obras, a Etufor far\u00e1 a transfer\u00eancia operacional dos \u00f4nibus do terminal provis\u00f3rio para as novas instala\u00e7\u00f5es j\u00e1 a partir deste s\u00e1bado, dia 27 de janeiro. A opera\u00e7\u00e3o consiste na distribui\u00e7\u00e3o das 58 linhas que operam no terminal.<\/span><\/p>\n<p><span style=\"font-weight: 400;\">O prefeito de Fortaleza, Roberto Cl\u00e1udio, aproveita a data para inaugurar o Terminal Liter\u00e1rio de Messejana, com estantes abertas ao p\u00fablico, e a Central de Medicamentos do Terminal Messejana. <\/span><\/p>\n","protected":false},"excerpt":{"rendered":"<p>A entrega do novo Terminal de Messejana, em Fortaleza, ser\u00e1 em abril, mas dentro do cronograma de obras, a Etufor far\u00e1 a transfer\u00eancia operacional dos \u00f4nibus do terminal provis\u00f3rio para as novas instala\u00e7\u00f5es j\u00e1 a partir deste s\u00e1bado, dia 27 de janeiro. A opera\u00e7\u00e3o consiste na distribui\u00e7\u00e3o das 58 linhas que operam no terminal. O prefeito de Fortaleza, Roberto Cl\u00e1udio, aproveita a data para inaugurar o Terminal Liter\u00e1rio de Messejana, com estantes abertas ao p\u00fablico, e a Central de&hellip;<\/p>\n","protected":false},"author":1,"featured_media":0,"comment_status":"open","ping_status":"open","sticky":false,"template":"","format":"standard","meta":{"footnotes":""},"categories":[1],"tags":[],"class_list":["post-8000","post","type-post","status-publish","format-standard","hentry","category-noticias"],"_links":{"self":[{"href":"https:\/\/blogdorogeriogomes.com.br\/noticias\/wp-json\/wp\/v2\/posts\/8000","targetHints":{"allow":["GET"]}}],"collection":[{"href":"https:\/\/blogdorogeriogomes.com.br\/noticias\/wp-json\/wp\/v2\/posts"}],"about":[{"href":"https:\/\/blogdorogeriogomes.com.br\/noticias\/wp-json\/wp\/v2\/types\/post"}],"author":[{"embeddable":true,"href":"https:\/\/blogdorogeriogomes.com.br\/noticias\/wp-json\/wp\/v2\/users\/1"}],"replies":[{"embeddable":true,"href":"https:\/\/blogdorogeriogomes.com.br\/noticias\/wp-json\/wp\/v2\/comments?post=8000"}],"version-history":[{"count":1,"href":"https:\/\/blogdorogeriogomes.com.br\/noticias\/wp-json\/wp\/v2\/posts\/8000\/revisions"}],"predecessor-version":[{"id":8002,"href":"https:\/\/blogdorogeriogomes.com.br\/noticias\/wp-json\/wp\/v2\/posts\/8000\/revisions\/8002"}],"wp:attachment":[{"href":"https:\/\/blogdorogeriogomes.com.br\/noticias\/wp-json\/wp\/v2\/media?parent=8000"}],"wp:term":[{"taxonomy":"category","embeddable":true,"href":"https:\/\/blogdorogeriogomes.com.br\/noticias\/wp-json\/wp\/v2\/categories?post=8000"},{"taxonomy":"post_tag","embeddable":true,"href":"https:\/\/blogdorogeriogomes.com.br\/noticias\/wp-json\/wp\/v2\/tags?post=8000"}],"curies":[{"name":"wp","href":"https:\/\/api.w.org\/{rel}","templated":true}]}}