{"id":8003,"date":"2018-01-25T23:11:48","date_gmt":"2018-01-25T23:11:48","guid":{"rendered":"http:\/\/blogdorogeriogomes.com.br\/?p=8003"},"modified":"2018-01-25T23:11:48","modified_gmt":"2018-01-25T23:11:48","slug":"temer-volta-a-concentrar-as-atencoes-na-votacao-da-reforma-da-previdencia","status":"publish","type":"post","link":"https:\/\/blogdorogeriogomes.com.br\/noticias\/2018\/01\/temer-volta-a-concentrar-as-atencoes-na-votacao-da-reforma-da-previdencia\/","title":{"rendered":"Temer volta a concentrar as aten\u00e7\u00f5es na vota\u00e7\u00e3o da reforma da Previd\u00eancia"},"content":{"rendered":"<p><img loading=\"lazy\" decoding=\"async\" class=\"alignnone size-medium wp-image-8004\" src=\"http:\/\/blogdorogeriogomes.com.br\/wp-content\/uploads\/2018\/01\/images-7-300x180.jpeg\" alt=\"images (7)\" width=\"300\" height=\"180\" srcset=\"https:\/\/blogdorogeriogomes.com.br\/noticias\/wp-content\/uploads\/2018\/01\/images-7-300x180.jpeg 300w, https:\/\/blogdorogeriogomes.com.br\/noticias\/wp-content\/uploads\/2018\/01\/images-7.jpeg 495w\" sizes=\"auto, (max-width: 300px) 100vw, 300px\" \/><\/p>\n<p><span style=\"font-weight: 400;\">Depois de participar do F\u00f3rum Econ\u00f4mico Mundial de Davos, na Su\u00ed\u00e7a, o presidente Michel Temer retomou o f\u00f4lego para buscar os votos necess\u00e1rios para aprovar a reforma da Previd\u00eancia. O Governo Federal ainda n\u00e3o tem os 308 votos necess\u00e1rios para aprovar a emenda constitucional, mas far\u00e1 um esfor\u00e7o final para tentar atingir esse qu\u00f3rum m\u00ednimo. <\/span><\/p>\n<p><span style=\"font-weight: 400;\">O Ministro da Fazenda, Henrique Meirelles, anunciou pra m\u00eddia internacional e nacional que o Governo n\u00e3o pensa ainda em aplicar reajuste de impostos, caso a reforma da Previd\u00eancia n\u00e3o seja aprovada na C\u00e2mara dos Deputados. Acredite se quiser numa lorota dessas.<\/span><\/p>\n","protected":false},"excerpt":{"rendered":"<p>Depois de participar do F\u00f3rum Econ\u00f4mico Mundial de Davos, na Su\u00ed\u00e7a, o presidente Michel Temer retomou o f\u00f4lego para buscar os votos necess\u00e1rios para aprovar a reforma da Previd\u00eancia. O Governo Federal ainda n\u00e3o tem os 308 votos necess\u00e1rios para aprovar a emenda constitucional, mas far\u00e1 um esfor\u00e7o final para tentar atingir esse qu\u00f3rum m\u00ednimo. O Ministro da Fazenda, Henrique Meirelles, anunciou pra m\u00eddia internacional e nacional que o Governo n\u00e3o pensa ainda em aplicar reajuste de impostos, caso&hellip;<\/p>\n","protected":false},"author":1,"featured_media":0,"comment_status":"open","ping_status":"open","sticky":false,"template":"","format":"standard","meta":{"footnotes":""},"categories":[1],"tags":[],"class_list":["post-8003","post","type-post","status-publish","format-standard","hentry","category-noticias"],"_links":{"self":[{"href":"https:\/\/blogdorogeriogomes.com.br\/noticias\/wp-json\/wp\/v2\/posts\/8003","targetHints":{"allow":["GET"]}}],"collection":[{"href":"https:\/\/blogdorogeriogomes.com.br\/noticias\/wp-json\/wp\/v2\/posts"}],"about":[{"href":"https:\/\/blogdorogeriogomes.com.br\/noticias\/wp-json\/wp\/v2\/types\/post"}],"author":[{"embeddable":true,"href":"https:\/\/blogdorogeriogomes.com.br\/noticias\/wp-json\/wp\/v2\/users\/1"}],"replies":[{"embeddable":true,"href":"https:\/\/blogdorogeriogomes.com.br\/noticias\/wp-json\/wp\/v2\/comments?post=8003"}],"version-history":[{"count":1,"href":"https:\/\/blogdorogeriogomes.com.br\/noticias\/wp-json\/wp\/v2\/posts\/8003\/revisions"}],"predecessor-version":[{"id":8005,"href":"https:\/\/blogdorogeriogomes.com.br\/noticias\/wp-json\/wp\/v2\/posts\/8003\/revisions\/8005"}],"wp:attachment":[{"href":"https:\/\/blogdorogeriogomes.com.br\/noticias\/wp-json\/wp\/v2\/media?parent=8003"}],"wp:term":[{"taxonomy":"category","embeddable":true,"href":"https:\/\/blogdorogeriogomes.com.br\/noticias\/wp-json\/wp\/v2\/categories?post=8003"},{"taxonomy":"post_tag","embeddable":true,"href":"https:\/\/blogdorogeriogomes.com.br\/noticias\/wp-json\/wp\/v2\/tags?post=8003"}],"curies":[{"name":"wp","href":"https:\/\/api.w.org\/{rel}","templated":true}]}}