{"id":8006,"date":"2018-01-26T09:14:19","date_gmt":"2018-01-26T09:14:19","guid":{"rendered":"http:\/\/blogdorogeriogomes.com.br\/?p=8006"},"modified":"2018-01-26T09:14:19","modified_gmt":"2018-01-26T09:14:19","slug":"capitao-wagner-assume-comando-do-pros-no-ceara","status":"publish","type":"post","link":"https:\/\/blogdorogeriogomes.com.br\/noticias\/2018\/01\/capitao-wagner-assume-comando-do-pros-no-ceara\/","title":{"rendered":"Capit\u00e3o Wagner assume comando do PROS no Cear\u00e1"},"content":{"rendered":"<p><img loading=\"lazy\" decoding=\"async\" class=\"size-medium wp-image-8007\" src=\"http:\/\/blogdorogeriogomes.com.br\/wp-content\/uploads\/2018\/01\/image-300x200.jpg\" alt=\"fortaleza, 25 de janeiro de 2018-  o deputado estadual capitao wagner, pr convoca uma coletiva para a nunciar a sua saida do pr, partido republicano e vai assumir a presidencia do pros- estadual no ceara. auditorio murilo aguiar, na assembleia legislativa do ceara.  - politica - 26PO1105  -  JOS\u00c8 LEOMAR\" width=\"300\" height=\"200\" srcset=\"https:\/\/blogdorogeriogomes.com.br\/noticias\/wp-content\/uploads\/2018\/01\/image-300x200.jpg 300w, https:\/\/blogdorogeriogomes.com.br\/noticias\/wp-content\/uploads\/2018\/01\/image-768x512.jpg 768w, https:\/\/blogdorogeriogomes.com.br\/noticias\/wp-content\/uploads\/2018\/01\/image.jpg 800w\" sizes=\"auto, (max-width: 300px) 100vw, 300px\" \/><\/p>\n<p><span style=\"font-weight: 400;\">Com direito a presen\u00e7a de pol\u00edticos do PR, seu ex-partido, o deputado estadual Capit\u00e3o Wagner Souza anunciou que estar\u00e1 assumindo o comando do PROS a partir de mar\u00e7o, quando abre a janela partid\u00e1ria e os parlamentares podem mudar de legenda sem preju\u00edzo ao mandato. Capit\u00e3o Wagner quer emplacar o PROS na oposi\u00e7\u00e3o declarada ao Governo Camilo Santana no Cear\u00e1.<\/span><\/p>\n<p><span style=\"font-weight: 400;\">Mas o projeto do parlamentar de oposi\u00e7\u00e3o \u00e9 mais ambicioso. Capit\u00e3o Wagner quer formar um bloco de oposi\u00e7\u00e3o no Estado para apoiar o nome de Jair Bolsonaro para presidente. Nos bastidores, se comenta haver resist\u00eancia de partid\u00e1rios a essa ideia. \u00a0Vamos esperar pra ver.<\/span><\/p>\n","protected":false},"excerpt":{"rendered":"<p>Com direito a presen\u00e7a de pol\u00edticos do PR, seu ex-partido, o deputado estadual Capit\u00e3o Wagner Souza anunciou que estar\u00e1 assumindo o comando do PROS a partir de mar\u00e7o, quando abre a janela partid\u00e1ria e os parlamentares podem mudar de legenda sem preju\u00edzo ao mandato. Capit\u00e3o Wagner quer emplacar o PROS na oposi\u00e7\u00e3o declarada ao Governo Camilo Santana no Cear\u00e1. Mas o projeto do parlamentar de oposi\u00e7\u00e3o \u00e9 mais ambicioso. Capit\u00e3o Wagner quer formar um bloco de oposi\u00e7\u00e3o no Estado&hellip;<\/p>\n","protected":false},"author":1,"featured_media":0,"comment_status":"open","ping_status":"open","sticky":false,"template":"","format":"standard","meta":{"footnotes":""},"categories":[1],"tags":[],"class_list":["post-8006","post","type-post","status-publish","format-standard","hentry","category-noticias"],"_links":{"self":[{"href":"https:\/\/blogdorogeriogomes.com.br\/noticias\/wp-json\/wp\/v2\/posts\/8006","targetHints":{"allow":["GET"]}}],"collection":[{"href":"https:\/\/blogdorogeriogomes.com.br\/noticias\/wp-json\/wp\/v2\/posts"}],"about":[{"href":"https:\/\/blogdorogeriogomes.com.br\/noticias\/wp-json\/wp\/v2\/types\/post"}],"author":[{"embeddable":true,"href":"https:\/\/blogdorogeriogomes.com.br\/noticias\/wp-json\/wp\/v2\/users\/1"}],"replies":[{"embeddable":true,"href":"https:\/\/blogdorogeriogomes.com.br\/noticias\/wp-json\/wp\/v2\/comments?post=8006"}],"version-history":[{"count":1,"href":"https:\/\/blogdorogeriogomes.com.br\/noticias\/wp-json\/wp\/v2\/posts\/8006\/revisions"}],"predecessor-version":[{"id":8008,"href":"https:\/\/blogdorogeriogomes.com.br\/noticias\/wp-json\/wp\/v2\/posts\/8006\/revisions\/8008"}],"wp:attachment":[{"href":"https:\/\/blogdorogeriogomes.com.br\/noticias\/wp-json\/wp\/v2\/media?parent=8006"}],"wp:term":[{"taxonomy":"category","embeddable":true,"href":"https:\/\/blogdorogeriogomes.com.br\/noticias\/wp-json\/wp\/v2\/categories?post=8006"},{"taxonomy":"post_tag","embeddable":true,"href":"https:\/\/blogdorogeriogomes.com.br\/noticias\/wp-json\/wp\/v2\/tags?post=8006"}],"curies":[{"name":"wp","href":"https:\/\/api.w.org\/{rel}","templated":true}]}}