{"id":8018,"date":"2018-01-27T14:34:59","date_gmt":"2018-01-27T14:34:59","guid":{"rendered":"http:\/\/blogdorogeriogomes.com.br\/?p=8018"},"modified":"2018-01-27T14:34:59","modified_gmt":"2018-01-27T14:34:59","slug":"ceara-fechou-o-ano-com-saldo-negativo-no-numero-de-empregos","status":"publish","type":"post","link":"https:\/\/blogdorogeriogomes.com.br\/noticias\/2018\/01\/ceara-fechou-o-ano-com-saldo-negativo-no-numero-de-empregos\/","title":{"rendered":"Cear\u00e1 fechou o ano com saldo negativo no n\u00famero de empregos"},"content":{"rendered":"<p><img loading=\"lazy\" decoding=\"async\" class=\"alignnone size-medium wp-image-8019\" src=\"http:\/\/blogdorogeriogomes.com.br\/wp-content\/uploads\/2018\/01\/images-10-300x228.jpeg\" alt=\"images (10)\" width=\"300\" height=\"228\" srcset=\"https:\/\/blogdorogeriogomes.com.br\/noticias\/wp-content\/uploads\/2018\/01\/images-10-300x228.jpeg 300w, https:\/\/blogdorogeriogomes.com.br\/noticias\/wp-content\/uploads\/2018\/01\/images-10.jpeg 440w\" sizes=\"auto, (max-width: 300px) 100vw, 300px\" \/><\/p>\n<p><span style=\"font-weight: 400;\">Com reforma trabalhista e tudo, o Cear\u00e1 fechou 4.563 postos de trabalho em dezembro de 2017. O n\u00famero \u00e9 do Minist\u00e9rio do Trabalho, atrav\u00e9s do Cadastro Geral de Empregados e Desempregados (Caged).<\/span><\/p>\n<p><span style=\"font-weight: 400;\">O levantamento mostra que o Estado fechou o ano passado com um saldo negativo de 2.139 postos de trabalho. O c\u00e1lculo \u00e9 feito considerando as admiss\u00f5es (381.185) e demiss\u00f5es (383.324).<\/span><\/p>\n<p><span style=\"font-weight: 400;\">A maior perda foi registrada na ind\u00fastria de transforma\u00e7\u00e3o, com o fechamento de 3.270 vagas. A tal jornada intermitente aprovada na reforma que, segundo o presidente Michel Temer, iria trazer mais vagas de trabalho, por enquanto, n\u00e3o surtiu nenhum efeito. <\/span><\/p>\n<p><span style=\"font-weight: 400;\">Para quem est\u00e1 na busca por vaga no mercado de trabalho, as exig\u00eancias s\u00e3o muitas e est\u00e1 cada vez mais dif\u00edcil conseguir uma ocupa\u00e7\u00e3o formal. \u00c9 por isso que se v\u00ea tanta gente aderindo a informalidade, muitas vezes, sem nenhuma seguran\u00e7a.<\/span><\/p>\n","protected":false},"excerpt":{"rendered":"<p>Com reforma trabalhista e tudo, o Cear\u00e1 fechou 4.563 postos de trabalho em dezembro de 2017. O n\u00famero \u00e9 do Minist\u00e9rio do Trabalho, atrav\u00e9s do Cadastro Geral de Empregados e Desempregados (Caged). O levantamento mostra que o Estado fechou o ano passado com um saldo negativo de 2.139 postos de trabalho. O c\u00e1lculo \u00e9 feito considerando as admiss\u00f5es (381.185) e demiss\u00f5es (383.324). A maior perda foi registrada na ind\u00fastria de transforma\u00e7\u00e3o, com o fechamento de 3.270 vagas. A tal&hellip;<\/p>\n","protected":false},"author":1,"featured_media":0,"comment_status":"open","ping_status":"open","sticky":false,"template":"","format":"standard","meta":{"footnotes":""},"categories":[1],"tags":[],"class_list":["post-8018","post","type-post","status-publish","format-standard","hentry","category-noticias"],"_links":{"self":[{"href":"https:\/\/blogdorogeriogomes.com.br\/noticias\/wp-json\/wp\/v2\/posts\/8018","targetHints":{"allow":["GET"]}}],"collection":[{"href":"https:\/\/blogdorogeriogomes.com.br\/noticias\/wp-json\/wp\/v2\/posts"}],"about":[{"href":"https:\/\/blogdorogeriogomes.com.br\/noticias\/wp-json\/wp\/v2\/types\/post"}],"author":[{"embeddable":true,"href":"https:\/\/blogdorogeriogomes.com.br\/noticias\/wp-json\/wp\/v2\/users\/1"}],"replies":[{"embeddable":true,"href":"https:\/\/blogdorogeriogomes.com.br\/noticias\/wp-json\/wp\/v2\/comments?post=8018"}],"version-history":[{"count":1,"href":"https:\/\/blogdorogeriogomes.com.br\/noticias\/wp-json\/wp\/v2\/posts\/8018\/revisions"}],"predecessor-version":[{"id":8020,"href":"https:\/\/blogdorogeriogomes.com.br\/noticias\/wp-json\/wp\/v2\/posts\/8018\/revisions\/8020"}],"wp:attachment":[{"href":"https:\/\/blogdorogeriogomes.com.br\/noticias\/wp-json\/wp\/v2\/media?parent=8018"}],"wp:term":[{"taxonomy":"category","embeddable":true,"href":"https:\/\/blogdorogeriogomes.com.br\/noticias\/wp-json\/wp\/v2\/categories?post=8018"},{"taxonomy":"post_tag","embeddable":true,"href":"https:\/\/blogdorogeriogomes.com.br\/noticias\/wp-json\/wp\/v2\/tags?post=8018"}],"curies":[{"name":"wp","href":"https:\/\/api.w.org\/{rel}","templated":true}]}}