{"id":8021,"date":"2018-01-29T09:02:42","date_gmt":"2018-01-29T09:02:42","guid":{"rendered":"http:\/\/blogdorogeriogomes.com.br\/?p=8021"},"modified":"2018-01-29T09:02:43","modified_gmt":"2018-01-29T09:02:43","slug":"camilo-cria-forca-tarefa-e-confronta-falta-de-acao-do-governo-federal","status":"publish","type":"post","link":"https:\/\/blogdorogeriogomes.com.br\/noticias\/2018\/01\/camilo-cria-forca-tarefa-e-confronta-falta-de-acao-do-governo-federal\/","title":{"rendered":"Camilo cria for\u00e7a-tarefa e confronta falta de a\u00e7\u00e3o do Governo Federal"},"content":{"rendered":"<p><img loading=\"lazy\" decoding=\"async\" class=\"alignnone size-medium wp-image-8022\" src=\"http:\/\/blogdorogeriogomes.com.br\/wp-content\/uploads\/2018\/01\/camilo-chacina-cajazeiras-2-300x194.jpg\" alt=\"camilo-chacina-cajazeiras-2\" width=\"300\" height=\"194\" srcset=\"https:\/\/blogdorogeriogomes.com.br\/noticias\/wp-content\/uploads\/2018\/01\/camilo-chacina-cajazeiras-2-300x194.jpg 300w, https:\/\/blogdorogeriogomes.com.br\/noticias\/wp-content\/uploads\/2018\/01\/camilo-chacina-cajazeiras-2-768x496.jpg 768w, https:\/\/blogdorogeriogomes.com.br\/noticias\/wp-content\/uploads\/2018\/01\/camilo-chacina-cajazeiras-2.jpg 799w\" sizes=\"auto, (max-width: 300px) 100vw, 300px\" \/><\/p>\n<p><span style=\"font-weight: 400;\">Ap\u00f3s a chacina das Cajazeiras que matou 14 pessoas, o governador do Cear\u00e1, Camilo Santana, resolveu criar uma for\u00e7a-tarefa para enfrentar as a\u00e7\u00f5es do crime organizado no Estado. Entre as medidas anunciadas est\u00e3o a montagem de um Centro Integrado com representantes da Secretaria de Seguran\u00e7a P\u00fablica e Defesa Social, Pol\u00edcia Federal, Poder Judici\u00e1rio, Minist\u00e9rio P\u00fablico e Defensoria P\u00fablica; a forma\u00e7\u00e3o de um grupo especializado da Pol\u00edcia Federal para o combate ao crime organizado no Cear\u00e1; e a cria\u00e7\u00e3o pelo Tribunal de Justi\u00e7a do Cear\u00e1 de uma vara espec\u00edfica para julgar crimes relacionados \u00e0s fac\u00e7\u00f5es no Estado.<\/span><\/p>\n<p><span style=\"font-weight: 400;\">Mas Camilo Santana foi mais al\u00e9m na reuni\u00e3o ampliada dos \u00f3rg\u00e3os de seguran\u00e7a. Disparou mais uma vez contra o Governo Federal ressaltando a responsabilidade da Uni\u00e3o ao combate ao tr\u00e1fico de drogas e \u00e0 prote\u00e7\u00e3o das fronteiras do Pa\u00eds, que deixa a desejar.<\/span><\/p>\n<p><span style=\"font-weight: 400;\">As declara\u00e7\u00f5es de Camilo n\u00e3o foram bem recebidas pelo Pal\u00e1cio do Planalto e pelo Minist\u00e9rio da Justi\u00e7a. O ministro Torquato Jardim soltou uma nota em que diz \u201cque a Uni\u00e3o seguir\u00e1 cumprindo o papel de oferecer apoio t\u00e9cnico e financeiro aos Estados&#8230;ainda que os governantes n\u00e3o solicitem apoio por raz\u00f5es eminentemente pol\u00edticas&#8221;.<\/span><\/p>\n<p><span style=\"font-weight: 400;\">Camilo diz que pedir\u00e1 uma audi\u00eancia com o presidente Michel Temer para discutir o tema do enfrentamento \u00e0s fac\u00e7\u00f5es criminosas.<\/span><\/p>\n","protected":false},"excerpt":{"rendered":"<p>Ap\u00f3s a chacina das Cajazeiras que matou 14 pessoas, o governador do Cear\u00e1, Camilo Santana, resolveu criar uma for\u00e7a-tarefa para enfrentar as a\u00e7\u00f5es do crime organizado no Estado. Entre as medidas anunciadas est\u00e3o a montagem de um Centro Integrado com representantes da Secretaria de Seguran\u00e7a P\u00fablica e Defesa Social, Pol\u00edcia Federal, Poder Judici\u00e1rio, Minist\u00e9rio P\u00fablico e Defensoria P\u00fablica; a forma\u00e7\u00e3o de um grupo especializado da Pol\u00edcia Federal para o combate ao crime organizado no Cear\u00e1; e a cria\u00e7\u00e3o pelo&hellip;<\/p>\n","protected":false},"author":1,"featured_media":0,"comment_status":"open","ping_status":"open","sticky":false,"template":"","format":"standard","meta":{"footnotes":""},"categories":[1],"tags":[],"class_list":["post-8021","post","type-post","status-publish","format-standard","hentry","category-noticias"],"_links":{"self":[{"href":"https:\/\/blogdorogeriogomes.com.br\/noticias\/wp-json\/wp\/v2\/posts\/8021","targetHints":{"allow":["GET"]}}],"collection":[{"href":"https:\/\/blogdorogeriogomes.com.br\/noticias\/wp-json\/wp\/v2\/posts"}],"about":[{"href":"https:\/\/blogdorogeriogomes.com.br\/noticias\/wp-json\/wp\/v2\/types\/post"}],"author":[{"embeddable":true,"href":"https:\/\/blogdorogeriogomes.com.br\/noticias\/wp-json\/wp\/v2\/users\/1"}],"replies":[{"embeddable":true,"href":"https:\/\/blogdorogeriogomes.com.br\/noticias\/wp-json\/wp\/v2\/comments?post=8021"}],"version-history":[{"count":1,"href":"https:\/\/blogdorogeriogomes.com.br\/noticias\/wp-json\/wp\/v2\/posts\/8021\/revisions"}],"predecessor-version":[{"id":8023,"href":"https:\/\/blogdorogeriogomes.com.br\/noticias\/wp-json\/wp\/v2\/posts\/8021\/revisions\/8023"}],"wp:attachment":[{"href":"https:\/\/blogdorogeriogomes.com.br\/noticias\/wp-json\/wp\/v2\/media?parent=8021"}],"wp:term":[{"taxonomy":"category","embeddable":true,"href":"https:\/\/blogdorogeriogomes.com.br\/noticias\/wp-json\/wp\/v2\/categories?post=8021"},{"taxonomy":"post_tag","embeddable":true,"href":"https:\/\/blogdorogeriogomes.com.br\/noticias\/wp-json\/wp\/v2\/tags?post=8021"}],"curies":[{"name":"wp","href":"https:\/\/api.w.org\/{rel}","templated":true}]}}