{"id":8024,"date":"2018-01-29T09:20:09","date_gmt":"2018-01-29T09:20:09","guid":{"rendered":"http:\/\/blogdorogeriogomes.com.br\/?p=8024"},"modified":"2018-01-29T09:20:09","modified_gmt":"2018-01-29T09:20:09","slug":"pauta-da-violencia-deve-voltar-com-forca-total-na-assembleia-legislativa","status":"publish","type":"post","link":"https:\/\/blogdorogeriogomes.com.br\/noticias\/2018\/01\/pauta-da-violencia-deve-voltar-com-forca-total-na-assembleia-legislativa\/","title":{"rendered":"Pauta da viol\u00eancia deve voltar com for\u00e7a total na Assembleia Legislativa"},"content":{"rendered":"<p><img loading=\"lazy\" decoding=\"async\" class=\"alignnone size-medium wp-image-8025\" src=\"http:\/\/blogdorogeriogomes.com.br\/wp-content\/uploads\/2018\/01\/images-11-300x200.jpeg\" alt=\"images (11)\" width=\"300\" height=\"200\" srcset=\"https:\/\/blogdorogeriogomes.com.br\/noticias\/wp-content\/uploads\/2018\/01\/images-11-300x200.jpeg 300w, https:\/\/blogdorogeriogomes.com.br\/noticias\/wp-content\/uploads\/2018\/01\/images-11.jpeg 470w\" sizes=\"auto, (max-width: 300px) 100vw, 300px\" \/><\/p>\n<p><span style=\"font-weight: 400;\">O recesso parlamentar termina nesta semana. E na Assembleia Legislativa do Cear\u00e1, a pauta da viol\u00eancia no Estado deve voltar com for\u00e7a total. Os deputados oposicionistas Capit\u00e3o Wagner e Heitor F\u00e9rrer aproveitaram as redes sociais, durante o fim de semana, para mostrar indigna\u00e7\u00e3o com a ocorr\u00eancia da chacina das Cajazeiras.<\/span><\/p>\n<p><span style=\"font-weight: 400;\">Apesar das a\u00e7\u00f5es do Estado na reestrutura\u00e7\u00e3o das for\u00e7as de seguran\u00e7a, \u00e9 uma realidade o crescimento da viol\u00eancia no Cear\u00e1, diante do elevado \u00edndice de homic\u00eddios. O secret\u00e1rio de Seguran\u00e7a P\u00fablica, Andr\u00e9 Costa, tem tido dificuldades para convencer a popula\u00e7\u00e3o sobre a efic\u00e1cia do atual plano de seguran\u00e7a.<\/span><\/p>\n<p><span style=\"font-weight: 400;\">A base governista na Assembleia Legislativa ter\u00e1 trabalho dobrado para defender a pol\u00edtica de seguran\u00e7a p\u00fablica adotada pelo governador Camilo Santana. Al\u00e9m do mais, o ano \u00e9 de elei\u00e7\u00f5es e a oposi\u00e7\u00e3o n\u00e3o perder\u00e1 a oportunidade para utilizar o tema para \u201cbater\u201d no chefe do Executivo Estadual.<\/span><\/p>\n","protected":false},"excerpt":{"rendered":"<p>O recesso parlamentar termina nesta semana. E na Assembleia Legislativa do Cear\u00e1, a pauta da viol\u00eancia no Estado deve voltar com for\u00e7a total. Os deputados oposicionistas Capit\u00e3o Wagner e Heitor F\u00e9rrer aproveitaram as redes sociais, durante o fim de semana, para mostrar indigna\u00e7\u00e3o com a ocorr\u00eancia da chacina das Cajazeiras. Apesar das a\u00e7\u00f5es do Estado na reestrutura\u00e7\u00e3o das for\u00e7as de seguran\u00e7a, \u00e9 uma realidade o crescimento da viol\u00eancia no Cear\u00e1, diante do elevado \u00edndice de homic\u00eddios. O secret\u00e1rio de&hellip;<\/p>\n","protected":false},"author":1,"featured_media":0,"comment_status":"open","ping_status":"open","sticky":false,"template":"","format":"standard","meta":{"footnotes":""},"categories":[1],"tags":[],"class_list":["post-8024","post","type-post","status-publish","format-standard","hentry","category-noticias"],"_links":{"self":[{"href":"https:\/\/blogdorogeriogomes.com.br\/noticias\/wp-json\/wp\/v2\/posts\/8024","targetHints":{"allow":["GET"]}}],"collection":[{"href":"https:\/\/blogdorogeriogomes.com.br\/noticias\/wp-json\/wp\/v2\/posts"}],"about":[{"href":"https:\/\/blogdorogeriogomes.com.br\/noticias\/wp-json\/wp\/v2\/types\/post"}],"author":[{"embeddable":true,"href":"https:\/\/blogdorogeriogomes.com.br\/noticias\/wp-json\/wp\/v2\/users\/1"}],"replies":[{"embeddable":true,"href":"https:\/\/blogdorogeriogomes.com.br\/noticias\/wp-json\/wp\/v2\/comments?post=8024"}],"version-history":[{"count":1,"href":"https:\/\/blogdorogeriogomes.com.br\/noticias\/wp-json\/wp\/v2\/posts\/8024\/revisions"}],"predecessor-version":[{"id":8026,"href":"https:\/\/blogdorogeriogomes.com.br\/noticias\/wp-json\/wp\/v2\/posts\/8024\/revisions\/8026"}],"wp:attachment":[{"href":"https:\/\/blogdorogeriogomes.com.br\/noticias\/wp-json\/wp\/v2\/media?parent=8024"}],"wp:term":[{"taxonomy":"category","embeddable":true,"href":"https:\/\/blogdorogeriogomes.com.br\/noticias\/wp-json\/wp\/v2\/categories?post=8024"},{"taxonomy":"post_tag","embeddable":true,"href":"https:\/\/blogdorogeriogomes.com.br\/noticias\/wp-json\/wp\/v2\/tags?post=8024"}],"curies":[{"name":"wp","href":"https:\/\/api.w.org\/{rel}","templated":true}]}}