{"id":8027,"date":"2018-01-29T20:13:14","date_gmt":"2018-01-29T20:13:14","guid":{"rendered":"http:\/\/blogdorogeriogomes.com.br\/?p=8027"},"modified":"2018-01-29T20:13:14","modified_gmt":"2018-01-29T20:13:14","slug":"governo-determina-transferencia-de-presos-para-evitar-novos-confrontos-de-faccoes","status":"publish","type":"post","link":"https:\/\/blogdorogeriogomes.com.br\/noticias\/2018\/01\/governo-determina-transferencia-de-presos-para-evitar-novos-confrontos-de-faccoes\/","title":{"rendered":"Governo determina transfer\u00eancia de presos para evitar novos confrontos de fac\u00e7\u00f5es"},"content":{"rendered":"<p><img loading=\"lazy\" decoding=\"async\" class=\"alignnone size-medium wp-image-8028\" src=\"http:\/\/blogdorogeriogomes.com.br\/wp-content\/uploads\/2018\/01\/image-1-300x165.jpg\" alt=\"image (1)\" width=\"300\" height=\"165\" srcset=\"https:\/\/blogdorogeriogomes.com.br\/noticias\/wp-content\/uploads\/2018\/01\/image-1-300x165.jpg 300w, https:\/\/blogdorogeriogomes.com.br\/noticias\/wp-content\/uploads\/2018\/01\/image-1.jpg 310w\" sizes=\"auto, (max-width: 300px) 100vw, 300px\" \/><\/p>\n<p><span style=\"font-weight: 400;\">O confronto de fac\u00e7\u00f5es dentro das unidades prisionais do Cear\u00e1 causou novas v\u00edtimas. Na Cadeia P\u00fablica de Itapaj\u00e9, a 124km de Fortaleza, morreram 10 detentos numa rebeli\u00e3o nesta segunda-feira, dia 29 de janeiro. Fac\u00e7\u00f5es rivais entraram em confronto dentro da unidade.<\/span><\/p>\n<p><span style=\"font-weight: 400;\">A provid\u00eancia imediata da Secretaria da Justi\u00e7a \u00e9 iniciar a separa\u00e7\u00e3o de presos em unidades de todo o Estado. Por determina\u00e7\u00e3o do governador Camilo Santana, essa a\u00e7\u00e3o deve ser iniciada ainda hoje.<\/span><\/p>\n<p><span style=\"font-weight: 400;\">Os confrontos envolvem presos ligados \u00e0s fac\u00e7\u00f5es Guardi\u00f5es do Estado (GDE), PCC (Primeiro Comando da Capital) e Comando Vermelho.<\/span><\/p>\n<p><span style=\"font-weight: 400;\">Diante dos fatos, incluindo a chacina das Cajazeiras no fim de semana com 14 mortes, o presidente Michel Temer diz estudar a cria\u00e7\u00e3o de uma For\u00e7a Nacional para interven\u00e7\u00f5es pontuais nos estados. No entanto, a Uni\u00e3o descarta qualquer possibilidade de interven\u00e7\u00e3o federal na seguran\u00e7a p\u00fablica do Cear\u00e1. \u201cN\u00f3s estamos precisando \u00e9 de apoio e estamos abertos a isso\u201d, disse o chefe de Gabinete do Governador Camilo Santana, \u00c9lcio Batista.<\/span><\/p>\n","protected":false},"excerpt":{"rendered":"<p>O confronto de fac\u00e7\u00f5es dentro das unidades prisionais do Cear\u00e1 causou novas v\u00edtimas. Na Cadeia P\u00fablica de Itapaj\u00e9, a 124km de Fortaleza, morreram 10 detentos numa rebeli\u00e3o nesta segunda-feira, dia 29 de janeiro. Fac\u00e7\u00f5es rivais entraram em confronto dentro da unidade. A provid\u00eancia imediata da Secretaria da Justi\u00e7a \u00e9 iniciar a separa\u00e7\u00e3o de presos em unidades de todo o Estado. Por determina\u00e7\u00e3o do governador Camilo Santana, essa a\u00e7\u00e3o deve ser iniciada ainda hoje. Os confrontos envolvem presos ligados \u00e0s&hellip;<\/p>\n","protected":false},"author":1,"featured_media":0,"comment_status":"open","ping_status":"open","sticky":false,"template":"","format":"standard","meta":{"footnotes":""},"categories":[1],"tags":[],"class_list":["post-8027","post","type-post","status-publish","format-standard","hentry","category-noticias"],"_links":{"self":[{"href":"https:\/\/blogdorogeriogomes.com.br\/noticias\/wp-json\/wp\/v2\/posts\/8027","targetHints":{"allow":["GET"]}}],"collection":[{"href":"https:\/\/blogdorogeriogomes.com.br\/noticias\/wp-json\/wp\/v2\/posts"}],"about":[{"href":"https:\/\/blogdorogeriogomes.com.br\/noticias\/wp-json\/wp\/v2\/types\/post"}],"author":[{"embeddable":true,"href":"https:\/\/blogdorogeriogomes.com.br\/noticias\/wp-json\/wp\/v2\/users\/1"}],"replies":[{"embeddable":true,"href":"https:\/\/blogdorogeriogomes.com.br\/noticias\/wp-json\/wp\/v2\/comments?post=8027"}],"version-history":[{"count":1,"href":"https:\/\/blogdorogeriogomes.com.br\/noticias\/wp-json\/wp\/v2\/posts\/8027\/revisions"}],"predecessor-version":[{"id":8029,"href":"https:\/\/blogdorogeriogomes.com.br\/noticias\/wp-json\/wp\/v2\/posts\/8027\/revisions\/8029"}],"wp:attachment":[{"href":"https:\/\/blogdorogeriogomes.com.br\/noticias\/wp-json\/wp\/v2\/media?parent=8027"}],"wp:term":[{"taxonomy":"category","embeddable":true,"href":"https:\/\/blogdorogeriogomes.com.br\/noticias\/wp-json\/wp\/v2\/categories?post=8027"},{"taxonomy":"post_tag","embeddable":true,"href":"https:\/\/blogdorogeriogomes.com.br\/noticias\/wp-json\/wp\/v2\/tags?post=8027"}],"curies":[{"name":"wp","href":"https:\/\/api.w.org\/{rel}","templated":true}]}}