{"id":8030,"date":"2018-01-29T20:28:56","date_gmt":"2018-01-29T20:28:56","guid":{"rendered":"http:\/\/blogdorogeriogomes.com.br\/?p=8030"},"modified":"2018-01-29T20:28:56","modified_gmt":"2018-01-29T20:28:56","slug":"porangabucu-ganha-programa-de-inovacao-e-revitalizacao-da-lagoa","status":"publish","type":"post","link":"https:\/\/blogdorogeriogomes.com.br\/noticias\/2018\/01\/porangabucu-ganha-programa-de-inovacao-e-revitalizacao-da-lagoa\/","title":{"rendered":"Porangabu\u00e7u ganha programa de inova\u00e7\u00e3o e revitaliza\u00e7\u00e3o da lagoa"},"content":{"rendered":"<p><img loading=\"lazy\" decoding=\"async\" class=\"alignnone size-medium wp-image-8031\" src=\"http:\/\/blogdorogeriogomes.com.br\/wp-content\/uploads\/2018\/01\/porangabussu-300x169.jpg\" alt=\"porangabussu\" width=\"300\" height=\"169\" srcset=\"https:\/\/blogdorogeriogomes.com.br\/noticias\/wp-content\/uploads\/2018\/01\/porangabussu-300x169.jpg 300w, https:\/\/blogdorogeriogomes.com.br\/noticias\/wp-content\/uploads\/2018\/01\/porangabussu.jpg 600w\" sizes=\"auto, (max-width: 300px) 100vw, 300px\" \/><\/p>\n<p><span style=\"font-weight: 400;\">A Prefeitura de Fortaleza e o Governo do Estado lan\u00e7am, nesta ter\u00e7a-feira, dia 30 de janeiro, o Programa Distrito de Inova\u00e7\u00e3o em Sa\u00fade Viva@Porangabussu. O prefeito de Fortaleza, Roberto Cl\u00e1udio, e o governador do Estado, Camilo Santana, assinam o Decreto de cria\u00e7\u00e3o do Distrito de Inova\u00e7\u00e3o.<\/span><\/p>\n<p><span style=\"font-weight: 400;\">Os primeiros resultados esperados para a regi\u00e3o de Porangabu\u00e7u s\u00e3o a atra\u00e7\u00e3o de empresas com perfil de produ\u00e7\u00e3o de conhecimento e de investimento, a implanta\u00e7\u00e3o de Escola de Cidadania para capacita\u00e7\u00e3o dos pais e das crian\u00e7as do bairro, implanta\u00e7\u00e3o do Centro de Intelig\u00eancia de Gest\u00e3o, focado em estudos epidemiol\u00f3gicos, do Centro de Monitoramento e Fiscaliza\u00e7\u00e3o, al\u00e9m do controle da qualidade de vida e seguran\u00e7a, atra\u00e7\u00e3o de investimentos e servi\u00e7os n\u00e3o relacionados \u00e0 sa\u00fade.<\/span><\/p>\n<p><span style=\"font-weight: 400;\">Outra a\u00e7\u00e3o da Prefeitura de Fortaleza prevista para a \u00e1rea \u00e9 a viabiliza\u00e7\u00e3o de um complexo multiuso com residenciais multifamiliares, shopping e servi\u00e7os, que ter\u00e1 como contrapartida para o Munic\u00edpio a completa urbaniza\u00e7\u00e3o e dragagem da Lagoa do Porangabu\u00e7u.<\/span><\/p>\n","protected":false},"excerpt":{"rendered":"<p>A Prefeitura de Fortaleza e o Governo do Estado lan\u00e7am, nesta ter\u00e7a-feira, dia 30 de janeiro, o Programa Distrito de Inova\u00e7\u00e3o em Sa\u00fade Viva@Porangabussu. O prefeito de Fortaleza, Roberto Cl\u00e1udio, e o governador do Estado, Camilo Santana, assinam o Decreto de cria\u00e7\u00e3o do Distrito de Inova\u00e7\u00e3o. Os primeiros resultados esperados para a regi\u00e3o de Porangabu\u00e7u s\u00e3o a atra\u00e7\u00e3o de empresas com perfil de produ\u00e7\u00e3o de conhecimento e de investimento, a implanta\u00e7\u00e3o de Escola de Cidadania para capacita\u00e7\u00e3o dos pais&hellip;<\/p>\n","protected":false},"author":1,"featured_media":0,"comment_status":"open","ping_status":"open","sticky":false,"template":"","format":"standard","meta":{"footnotes":""},"categories":[1],"tags":[],"class_list":["post-8030","post","type-post","status-publish","format-standard","hentry","category-noticias"],"_links":{"self":[{"href":"https:\/\/blogdorogeriogomes.com.br\/noticias\/wp-json\/wp\/v2\/posts\/8030","targetHints":{"allow":["GET"]}}],"collection":[{"href":"https:\/\/blogdorogeriogomes.com.br\/noticias\/wp-json\/wp\/v2\/posts"}],"about":[{"href":"https:\/\/blogdorogeriogomes.com.br\/noticias\/wp-json\/wp\/v2\/types\/post"}],"author":[{"embeddable":true,"href":"https:\/\/blogdorogeriogomes.com.br\/noticias\/wp-json\/wp\/v2\/users\/1"}],"replies":[{"embeddable":true,"href":"https:\/\/blogdorogeriogomes.com.br\/noticias\/wp-json\/wp\/v2\/comments?post=8030"}],"version-history":[{"count":1,"href":"https:\/\/blogdorogeriogomes.com.br\/noticias\/wp-json\/wp\/v2\/posts\/8030\/revisions"}],"predecessor-version":[{"id":8032,"href":"https:\/\/blogdorogeriogomes.com.br\/noticias\/wp-json\/wp\/v2\/posts\/8030\/revisions\/8032"}],"wp:attachment":[{"href":"https:\/\/blogdorogeriogomes.com.br\/noticias\/wp-json\/wp\/v2\/media?parent=8030"}],"wp:term":[{"taxonomy":"category","embeddable":true,"href":"https:\/\/blogdorogeriogomes.com.br\/noticias\/wp-json\/wp\/v2\/categories?post=8030"},{"taxonomy":"post_tag","embeddable":true,"href":"https:\/\/blogdorogeriogomes.com.br\/noticias\/wp-json\/wp\/v2\/tags?post=8030"}],"curies":[{"name":"wp","href":"https:\/\/api.w.org\/{rel}","templated":true}]}}