{"id":8033,"date":"2018-01-30T08:54:07","date_gmt":"2018-01-30T08:54:07","guid":{"rendered":"http:\/\/blogdorogeriogomes.com.br\/?p=8033"},"modified":"2018-01-30T08:54:07","modified_gmt":"2018-01-30T08:54:07","slug":"dpvat-deste-ano-deve-ser-pago-ate-31-de-janeiro","status":"publish","type":"post","link":"https:\/\/blogdorogeriogomes.com.br\/noticias\/2018\/01\/dpvat-deste-ano-deve-ser-pago-ate-31-de-janeiro\/","title":{"rendered":"DPVAT deste ano deve ser pago at\u00e9 31 de janeiro"},"content":{"rendered":"<p><img loading=\"lazy\" decoding=\"async\" class=\"alignnone size-medium wp-image-8034\" src=\"http:\/\/blogdorogeriogomes.com.br\/wp-content\/uploads\/2018\/01\/unnamed-3-300x214.jpg\" alt=\"unnamed (3)\" width=\"300\" height=\"214\" srcset=\"https:\/\/blogdorogeriogomes.com.br\/noticias\/wp-content\/uploads\/2018\/01\/unnamed-3-300x214.jpg 300w, https:\/\/blogdorogeriogomes.com.br\/noticias\/wp-content\/uploads\/2018\/01\/unnamed-3.jpg 454w\" sizes=\"auto, (max-width: 300px) 100vw, 300px\" \/><\/p>\n<p><span style=\"font-weight: 400;\">O motorista cearense deve estar atento. O prazo para o pagamento do seguro DPVAT este ano foi alterado. Ele deve ser pago at\u00e9 esta quarta-feira, dia 31 de janeiro, separado do Imposto Sobre a Propriedade de Ve\u00edculos Automotores (IPVA) e do licenciamento, que t\u00eam datas espec\u00edficas para o pagamento.<\/span><\/p>\n<p><span style=\"font-weight: 400;\">Para imprimir o boleto, o motorista acessa o \u00a0\u00a0site do Departamento Estadual de Tr\u00e2nsito do Cear\u00e1 (Detran-CE) ou da Seguradora L\u00edder.<\/span><\/p>\n<p><span style=\"font-weight: 400;\">Pela tabela divulgada, os motoristas de autom\u00f3veis e camionetes particulares ou oficiais pagam R$ 45,12 e para motocicletas, o valor \u00e9 de R$ 185,50.<\/span><\/p>\n<p><span style=\"font-weight: 400;\">A data de 31 de janeiro foi estabelecida pela L\u00edder, mas o Detran esclarece que a \u201cchecagem do pagamento DPVAT\u201d nas blitze ser\u00e1 feita apenas na ocasi\u00e3o do licenciamento do ve\u00edculo.<\/span><\/p>\n","protected":false},"excerpt":{"rendered":"<p>O motorista cearense deve estar atento. O prazo para o pagamento do seguro DPVAT este ano foi alterado. Ele deve ser pago at\u00e9 esta quarta-feira, dia 31 de janeiro, separado do Imposto Sobre a Propriedade de Ve\u00edculos Automotores (IPVA) e do licenciamento, que t\u00eam datas espec\u00edficas para o pagamento. Para imprimir o boleto, o motorista acessa o \u00a0\u00a0site do Departamento Estadual de Tr\u00e2nsito do Cear\u00e1 (Detran-CE) ou da Seguradora L\u00edder. Pela tabela divulgada, os motoristas de autom\u00f3veis e camionetes&hellip;<\/p>\n","protected":false},"author":1,"featured_media":0,"comment_status":"open","ping_status":"open","sticky":false,"template":"","format":"standard","meta":{"footnotes":""},"categories":[1],"tags":[],"class_list":["post-8033","post","type-post","status-publish","format-standard","hentry","category-noticias"],"_links":{"self":[{"href":"https:\/\/blogdorogeriogomes.com.br\/noticias\/wp-json\/wp\/v2\/posts\/8033","targetHints":{"allow":["GET"]}}],"collection":[{"href":"https:\/\/blogdorogeriogomes.com.br\/noticias\/wp-json\/wp\/v2\/posts"}],"about":[{"href":"https:\/\/blogdorogeriogomes.com.br\/noticias\/wp-json\/wp\/v2\/types\/post"}],"author":[{"embeddable":true,"href":"https:\/\/blogdorogeriogomes.com.br\/noticias\/wp-json\/wp\/v2\/users\/1"}],"replies":[{"embeddable":true,"href":"https:\/\/blogdorogeriogomes.com.br\/noticias\/wp-json\/wp\/v2\/comments?post=8033"}],"version-history":[{"count":1,"href":"https:\/\/blogdorogeriogomes.com.br\/noticias\/wp-json\/wp\/v2\/posts\/8033\/revisions"}],"predecessor-version":[{"id":8035,"href":"https:\/\/blogdorogeriogomes.com.br\/noticias\/wp-json\/wp\/v2\/posts\/8033\/revisions\/8035"}],"wp:attachment":[{"href":"https:\/\/blogdorogeriogomes.com.br\/noticias\/wp-json\/wp\/v2\/media?parent=8033"}],"wp:term":[{"taxonomy":"category","embeddable":true,"href":"https:\/\/blogdorogeriogomes.com.br\/noticias\/wp-json\/wp\/v2\/categories?post=8033"},{"taxonomy":"post_tag","embeddable":true,"href":"https:\/\/blogdorogeriogomes.com.br\/noticias\/wp-json\/wp\/v2\/tags?post=8033"}],"curies":[{"name":"wp","href":"https:\/\/api.w.org\/{rel}","templated":true}]}}