{"id":8039,"date":"2018-01-30T22:26:14","date_gmt":"2018-01-30T22:26:14","guid":{"rendered":"http:\/\/blogdorogeriogomes.com.br\/?p=8039"},"modified":"2018-01-30T22:26:14","modified_gmt":"2018-01-30T22:26:14","slug":"camilo-e-eunicio-se-reunem-com-temer-e-pedem-apoio-federal-para-combate-a-faccoes","status":"publish","type":"post","link":"https:\/\/blogdorogeriogomes.com.br\/noticias\/2018\/01\/camilo-e-eunicio-se-reunem-com-temer-e-pedem-apoio-federal-para-combate-a-faccoes\/","title":{"rendered":"Camilo e Eun\u00edcio se re\u00fanem com Temer e pedem apoio federal para combate a fac\u00e7\u00f5es"},"content":{"rendered":"<p><img loading=\"lazy\" decoding=\"async\" class=\"alignnone size-medium wp-image-8041\" src=\"http:\/\/blogdorogeriogomes.com.br\/wp-content\/uploads\/2018\/01\/IMG_20180130_192417-300x134.jpg\" alt=\"IMG_20180130_192417\" width=\"300\" height=\"134\" srcset=\"https:\/\/blogdorogeriogomes.com.br\/noticias\/wp-content\/uploads\/2018\/01\/IMG_20180130_192417-300x134.jpg 300w, https:\/\/blogdorogeriogomes.com.br\/noticias\/wp-content\/uploads\/2018\/01\/IMG_20180130_192417-768x342.jpg 768w, https:\/\/blogdorogeriogomes.com.br\/noticias\/wp-content\/uploads\/2018\/01\/IMG_20180130_192417-1024x456.jpg 1024w, https:\/\/blogdorogeriogomes.com.br\/noticias\/wp-content\/uploads\/2018\/01\/IMG_20180130_192417.jpg 1142w\" sizes=\"auto, (max-width: 300px) 100vw, 300px\" \/><\/p>\n<p><span style=\"font-weight: 400;\">O presidente Michel Temer se reuniu no fim da tarde desta ter\u00e7a-feira, dia 30 de janeiro, em Bras\u00edlia, com o governador do Cear\u00e1, Camilo Santana, e o presidente do Congresso Nacional, Eun\u00edcio Oliveira. No encontro foram apresentadas reivindica\u00e7\u00f5es do Governo do Estado para o enfrentamento das fac\u00e7\u00f5es criminosas que causaram mais de 24 mortes desde o \u00faltimo fim de semana no Cear\u00e1.<\/span><\/p>\n<p><span style=\"font-weight: 400;\">O governador cearense confirmou que Michel Temer determinou, de imediato, o enviou de uma for\u00e7a-tarefa da Pol\u00edcia Federal para o Estado, a fim de ajudar nas a\u00e7\u00f5es de intelig\u00eancia contra os grupos criminosos que v\u00eam causando problemas na periferia de Fortaleza e Regi\u00e3o Metropolitana, al\u00e9m das unidades penitenci\u00e1rias do Cear\u00e1.<\/span><\/p>\n<p><span style=\"font-weight: 400;\">Camilo Santana tamb\u00e9m fez outros pedidos a Temer, que incluem o refor\u00e7o do combate contra as fac\u00e7\u00f5es, que j\u00e1 causaram verdadeiras chacinas tamb\u00e9m em outros estados.<\/span><\/p>\n<p><span style=\"font-weight: 400;\">O encontro com Temer ainda teve a presen\u00e7a do presidente da Assembleia Legislativa, Zezinho Albuquerque, e do presidente do Tribunal de Justi\u00e7a do Cear\u00e1, Gladyson Pontes.<\/span><\/p>\n","protected":false},"excerpt":{"rendered":"<p>O presidente Michel Temer se reuniu no fim da tarde desta ter\u00e7a-feira, dia 30 de janeiro, em Bras\u00edlia, com o governador do Cear\u00e1, Camilo Santana, e o presidente do Congresso Nacional, Eun\u00edcio Oliveira. No encontro foram apresentadas reivindica\u00e7\u00f5es do Governo do Estado para o enfrentamento das fac\u00e7\u00f5es criminosas que causaram mais de 24 mortes desde o \u00faltimo fim de semana no Cear\u00e1. O governador cearense confirmou que Michel Temer determinou, de imediato, o enviou de uma for\u00e7a-tarefa da Pol\u00edcia&hellip;<\/p>\n","protected":false},"author":1,"featured_media":0,"comment_status":"open","ping_status":"open","sticky":false,"template":"","format":"standard","meta":{"footnotes":""},"categories":[1],"tags":[],"class_list":["post-8039","post","type-post","status-publish","format-standard","hentry","category-noticias"],"_links":{"self":[{"href":"https:\/\/blogdorogeriogomes.com.br\/noticias\/wp-json\/wp\/v2\/posts\/8039","targetHints":{"allow":["GET"]}}],"collection":[{"href":"https:\/\/blogdorogeriogomes.com.br\/noticias\/wp-json\/wp\/v2\/posts"}],"about":[{"href":"https:\/\/blogdorogeriogomes.com.br\/noticias\/wp-json\/wp\/v2\/types\/post"}],"author":[{"embeddable":true,"href":"https:\/\/blogdorogeriogomes.com.br\/noticias\/wp-json\/wp\/v2\/users\/1"}],"replies":[{"embeddable":true,"href":"https:\/\/blogdorogeriogomes.com.br\/noticias\/wp-json\/wp\/v2\/comments?post=8039"}],"version-history":[{"count":1,"href":"https:\/\/blogdorogeriogomes.com.br\/noticias\/wp-json\/wp\/v2\/posts\/8039\/revisions"}],"predecessor-version":[{"id":8042,"href":"https:\/\/blogdorogeriogomes.com.br\/noticias\/wp-json\/wp\/v2\/posts\/8039\/revisions\/8042"}],"wp:attachment":[{"href":"https:\/\/blogdorogeriogomes.com.br\/noticias\/wp-json\/wp\/v2\/media?parent=8039"}],"wp:term":[{"taxonomy":"category","embeddable":true,"href":"https:\/\/blogdorogeriogomes.com.br\/noticias\/wp-json\/wp\/v2\/categories?post=8039"},{"taxonomy":"post_tag","embeddable":true,"href":"https:\/\/blogdorogeriogomes.com.br\/noticias\/wp-json\/wp\/v2\/tags?post=8039"}],"curies":[{"name":"wp","href":"https:\/\/api.w.org\/{rel}","templated":true}]}}