{"id":8043,"date":"2018-01-31T00:40:00","date_gmt":"2018-01-31T00:40:00","guid":{"rendered":"http:\/\/blogdorogeriogomes.com.br\/?p=8043"},"modified":"2018-01-31T00:40:00","modified_gmt":"2018-01-31T00:40:00","slug":"lula-tem-habeas-corpus-preventivo-negado-no-stj","status":"publish","type":"post","link":"https:\/\/blogdorogeriogomes.com.br\/noticias\/2018\/01\/lula-tem-habeas-corpus-preventivo-negado-no-stj\/","title":{"rendered":"Lula tem habeas corpus preventivo negado no STJ"},"content":{"rendered":"<p><img loading=\"lazy\" decoding=\"async\" class=\"alignnone size-medium wp-image-8044\" src=\"http:\/\/blogdorogeriogomes.com.br\/wp-content\/uploads\/2018\/01\/images-13-300x174.jpeg\" alt=\"images (13)\" width=\"300\" height=\"174\" srcset=\"https:\/\/blogdorogeriogomes.com.br\/noticias\/wp-content\/uploads\/2018\/01\/images-13-300x174.jpeg 300w, https:\/\/blogdorogeriogomes.com.br\/noticias\/wp-content\/uploads\/2018\/01\/images-13.jpeg 503w\" sizes=\"auto, (max-width: 300px) 100vw, 300px\" \/><\/p>\n<p><span style=\"font-weight: 400;\">Como n\u00e3o conseguiram \u00eaxito no habeas corpus preventivo no TRF-4, em Porto Alegre, os advogados do ex-presidente Lula deram \u00a0entrada nesta ter\u00e7a-feira, dia 30 de janeiro, \u00a0no Superior Tribunal de Justi\u00e7a (STJ) com um novo pedido para afastar a possibilidade de antecipa\u00e7\u00e3o de cumprimento da pena de 12 anos e 1 m\u00eas de pris\u00e3o em regime fechado, antes que os tribunais superiores de Bras\u00edlia esgotem a discuss\u00e3o do caso. <\/span><\/p>\n<p><span style=\"font-weight: 400;\">S\u00f3 que n\u00e3o tiveram sucesso. O ministro do STJ, Humberto Martins, rejeitou o pedido da defesa.<\/span><\/p>\n<p><span style=\"font-weight: 400;\">Os advogados de Lula devem entrar com pedido de habeas corpus no Supremo Tribunal Federal (STF).<\/span><\/p>\n<p><span style=\"font-weight: 400;\">Enquanto isso, Luiz In\u00e1cio Lula da Silva marcou para fevereiro o lan\u00e7amento de sua pr\u00e9-candidatura \u00e0 Presid\u00eancia. A ideia \u00e9 que o lan\u00e7amento ocorra em dois munic\u00edpios do Nordeste.<\/span><\/p>\n","protected":false},"excerpt":{"rendered":"<p>Como n\u00e3o conseguiram \u00eaxito no habeas corpus preventivo no TRF-4, em Porto Alegre, os advogados do ex-presidente Lula deram \u00a0entrada nesta ter\u00e7a-feira, dia 30 de janeiro, \u00a0no Superior Tribunal de Justi\u00e7a (STJ) com um novo pedido para afastar a possibilidade de antecipa\u00e7\u00e3o de cumprimento da pena de 12 anos e 1 m\u00eas de pris\u00e3o em regime fechado, antes que os tribunais superiores de Bras\u00edlia esgotem a discuss\u00e3o do caso. S\u00f3 que n\u00e3o tiveram sucesso. O ministro do STJ, Humberto&hellip;<\/p>\n","protected":false},"author":1,"featured_media":0,"comment_status":"open","ping_status":"open","sticky":false,"template":"","format":"standard","meta":{"footnotes":""},"categories":[1],"tags":[],"class_list":["post-8043","post","type-post","status-publish","format-standard","hentry","category-noticias"],"_links":{"self":[{"href":"https:\/\/blogdorogeriogomes.com.br\/noticias\/wp-json\/wp\/v2\/posts\/8043","targetHints":{"allow":["GET"]}}],"collection":[{"href":"https:\/\/blogdorogeriogomes.com.br\/noticias\/wp-json\/wp\/v2\/posts"}],"about":[{"href":"https:\/\/blogdorogeriogomes.com.br\/noticias\/wp-json\/wp\/v2\/types\/post"}],"author":[{"embeddable":true,"href":"https:\/\/blogdorogeriogomes.com.br\/noticias\/wp-json\/wp\/v2\/users\/1"}],"replies":[{"embeddable":true,"href":"https:\/\/blogdorogeriogomes.com.br\/noticias\/wp-json\/wp\/v2\/comments?post=8043"}],"version-history":[{"count":1,"href":"https:\/\/blogdorogeriogomes.com.br\/noticias\/wp-json\/wp\/v2\/posts\/8043\/revisions"}],"predecessor-version":[{"id":8045,"href":"https:\/\/blogdorogeriogomes.com.br\/noticias\/wp-json\/wp\/v2\/posts\/8043\/revisions\/8045"}],"wp:attachment":[{"href":"https:\/\/blogdorogeriogomes.com.br\/noticias\/wp-json\/wp\/v2\/media?parent=8043"}],"wp:term":[{"taxonomy":"category","embeddable":true,"href":"https:\/\/blogdorogeriogomes.com.br\/noticias\/wp-json\/wp\/v2\/categories?post=8043"},{"taxonomy":"post_tag","embeddable":true,"href":"https:\/\/blogdorogeriogomes.com.br\/noticias\/wp-json\/wp\/v2\/tags?post=8043"}],"curies":[{"name":"wp","href":"https:\/\/api.w.org\/{rel}","templated":true}]}}