{"id":8046,"date":"2018-01-31T09:06:58","date_gmt":"2018-01-31T09:06:58","guid":{"rendered":"http:\/\/blogdorogeriogomes.com.br\/?p=8046"},"modified":"2018-01-31T11:29:19","modified_gmt":"2018-01-31T11:29:19","slug":"tasso-jereissati-cobra-acoes-energicas-dia-governos-federal-e-estadual-no-combate-a-violencia","status":"publish","type":"post","link":"https:\/\/blogdorogeriogomes.com.br\/noticias\/2018\/01\/tasso-jereissati-cobra-acoes-energicas-dia-governos-federal-e-estadual-no-combate-a-violencia\/","title":{"rendered":"Tasso Jereissati cobra a\u00e7\u00f5es en\u00e9rgicas dos Governos Federal e Estadual no combate \u00e0 viol\u00eancia"},"content":{"rendered":"<p><img loading=\"lazy\" decoding=\"async\" class=\"alignnone size-medium wp-image-8047\" src=\"http:\/\/blogdorogeriogomes.com.br\/wp-content\/uploads\/2018\/01\/images-14-300x200.jpeg\" alt=\"images (14)\" width=\"300\" height=\"200\" srcset=\"https:\/\/blogdorogeriogomes.com.br\/noticias\/wp-content\/uploads\/2018\/01\/images-14-300x200.jpeg 300w, https:\/\/blogdorogeriogomes.com.br\/noticias\/wp-content\/uploads\/2018\/01\/images-14.jpeg 470w\" sizes=\"auto, (max-width: 300px) 100vw, 300px\" \/><\/p>\n<p><span style=\"font-weight: 400;\">O senador Tasso Jereissati (PSDB) n\u00e3o poupou nem o Governo Federal, nem o Estadual pela situa\u00e7\u00e3o em que chegou a atua\u00e7\u00e3o dos grupos criminosos no Cear\u00e1. Ele participou de um evento do Governo do Estado e Prefeitura de Fortaleza, no bairro Porangabu\u00e7u, na ter\u00e7a-feira, dia 30 de janeiro, e cobrou o presidente Michel Temer e o governador Camilo Santana a tomarem medidas mais en\u00e9rgicas para resolver o problema.<\/span><span style=\"font-weight: 400;\"><br \/>\n<\/span><span style=\"font-weight: 400;\"> \u201cA prioridade deve ser o enfrentamento, fazendo medidas profundas, e n\u00e3o paliativas. \u00c0s vezes, as medidas t\u00eam mais de apar\u00eancia que de profundidade\u201d, destacou o senador tucano.<\/span><\/p>\n<p><span style=\"font-weight: 400;\">\u00c9 bom lembrar que Tasso faz oposi\u00e7\u00e3o a Camilo Santana em n\u00edvel local e foi um dos defensores dentro do PSDB do distanciamento do partido do Governo Temer. Resta saber se o tom das cobran\u00e7as do tucano seria a mesma se o governador do Cear\u00e1, hoje, fosse do PSDB.<\/span><\/p>\n","protected":false},"excerpt":{"rendered":"<p>O senador Tasso Jereissati (PSDB) n\u00e3o poupou nem o Governo Federal, nem o Estadual pela situa\u00e7\u00e3o em que chegou a atua\u00e7\u00e3o dos grupos criminosos no Cear\u00e1. Ele participou de um evento do Governo do Estado e Prefeitura de Fortaleza, no bairro Porangabu\u00e7u, na ter\u00e7a-feira, dia 30 de janeiro, e cobrou o presidente Michel Temer e o governador Camilo Santana a tomarem medidas mais en\u00e9rgicas para resolver o problema. \u201cA prioridade deve ser o enfrentamento, fazendo medidas profundas, e n\u00e3o&hellip;<\/p>\n","protected":false},"author":1,"featured_media":0,"comment_status":"open","ping_status":"open","sticky":false,"template":"","format":"standard","meta":{"footnotes":""},"categories":[1],"tags":[],"class_list":["post-8046","post","type-post","status-publish","format-standard","hentry","category-noticias"],"_links":{"self":[{"href":"https:\/\/blogdorogeriogomes.com.br\/noticias\/wp-json\/wp\/v2\/posts\/8046","targetHints":{"allow":["GET"]}}],"collection":[{"href":"https:\/\/blogdorogeriogomes.com.br\/noticias\/wp-json\/wp\/v2\/posts"}],"about":[{"href":"https:\/\/blogdorogeriogomes.com.br\/noticias\/wp-json\/wp\/v2\/types\/post"}],"author":[{"embeddable":true,"href":"https:\/\/blogdorogeriogomes.com.br\/noticias\/wp-json\/wp\/v2\/users\/1"}],"replies":[{"embeddable":true,"href":"https:\/\/blogdorogeriogomes.com.br\/noticias\/wp-json\/wp\/v2\/comments?post=8046"}],"version-history":[{"count":2,"href":"https:\/\/blogdorogeriogomes.com.br\/noticias\/wp-json\/wp\/v2\/posts\/8046\/revisions"}],"predecessor-version":[{"id":8055,"href":"https:\/\/blogdorogeriogomes.com.br\/noticias\/wp-json\/wp\/v2\/posts\/8046\/revisions\/8055"}],"wp:attachment":[{"href":"https:\/\/blogdorogeriogomes.com.br\/noticias\/wp-json\/wp\/v2\/media?parent=8046"}],"wp:term":[{"taxonomy":"category","embeddable":true,"href":"https:\/\/blogdorogeriogomes.com.br\/noticias\/wp-json\/wp\/v2\/categories?post=8046"},{"taxonomy":"post_tag","embeddable":true,"href":"https:\/\/blogdorogeriogomes.com.br\/noticias\/wp-json\/wp\/v2\/tags?post=8046"}],"curies":[{"name":"wp","href":"https:\/\/api.w.org\/{rel}","templated":true}]}}