{"id":8059,"date":"2018-01-31T23:30:57","date_gmt":"2018-01-31T23:30:57","guid":{"rendered":"http:\/\/blogdorogeriogomes.com.br\/?p=8059"},"modified":"2018-01-31T23:30:57","modified_gmt":"2018-01-31T23:30:57","slug":"camara-municipal-de-fortaleza-retoma-os-trabalhos-nesta-quinta-feira","status":"publish","type":"post","link":"https:\/\/blogdorogeriogomes.com.br\/noticias\/2018\/01\/camara-municipal-de-fortaleza-retoma-os-trabalhos-nesta-quinta-feira\/","title":{"rendered":"C\u00e2mara Municipal de Fortaleza retoma os trabalhos nesta quinta-feira"},"content":{"rendered":"<p><img loading=\"lazy\" decoding=\"async\" class=\"alignnone size-medium wp-image-8060\" src=\"http:\/\/blogdorogeriogomes.com.br\/wp-content\/uploads\/2018\/01\/images-18-300x200.jpeg\" alt=\"images (18)\" width=\"300\" height=\"200\" srcset=\"https:\/\/blogdorogeriogomes.com.br\/noticias\/wp-content\/uploads\/2018\/01\/images-18-300x200.jpeg 300w, https:\/\/blogdorogeriogomes.com.br\/noticias\/wp-content\/uploads\/2018\/01\/images-18.jpeg 470w\" sizes=\"auto, (max-width: 300px) 100vw, 300px\" \/><\/p>\n<p><span style=\"font-weight: 400;\">A C\u00e2mara Municipal de Fortaleza retoma suas sess\u00f5es plen\u00e1rias nesta quinta-feira, dia 1\u00b0 de fevereiro, para o per\u00edodo legislativo do primeiro semestre. O prefeito Roberto Cl\u00e1udio deve ir \u00e0 C\u00e2mara para falar sobre as a\u00e7\u00f5es municipais para a Capital nos pr\u00f3ximos cinco meses.<\/span><\/p>\n<p><span style=\"font-weight: 400;\">Roberto Cl\u00e1udio tem uma condi\u00e7\u00e3o confort\u00e1vel no Legislativo municipal no momento. Conta com o apoio de mais de 70% dos 43 vereadores. Assim, os opositores t\u00eam tido dificuldade para barrar vota\u00e7\u00f5es ou impedir a aprova\u00e7\u00e3o de projetos de interesse do Executivo.<\/span><\/p>\n<p><span style=\"font-weight: 400;\">E a tend\u00eancia \u00e9 que assim prossiga durante 2018, apesar que este ano promete ser at\u00edpico devido \u00e0s elei\u00e7\u00f5es para presidente da Rep\u00fablica, senadores, governadores e deputados federais e estaduais.<\/span><\/p>\n","protected":false},"excerpt":{"rendered":"<p>A C\u00e2mara Municipal de Fortaleza retoma suas sess\u00f5es plen\u00e1rias nesta quinta-feira, dia 1\u00b0 de fevereiro, para o per\u00edodo legislativo do primeiro semestre. O prefeito Roberto Cl\u00e1udio deve ir \u00e0 C\u00e2mara para falar sobre as a\u00e7\u00f5es municipais para a Capital nos pr\u00f3ximos cinco meses. Roberto Cl\u00e1udio tem uma condi\u00e7\u00e3o confort\u00e1vel no Legislativo municipal no momento. Conta com o apoio de mais de 70% dos 43 vereadores. Assim, os opositores t\u00eam tido dificuldade para barrar vota\u00e7\u00f5es ou impedir a aprova\u00e7\u00e3o de&hellip;<\/p>\n","protected":false},"author":1,"featured_media":0,"comment_status":"open","ping_status":"open","sticky":false,"template":"","format":"standard","meta":{"footnotes":""},"categories":[1],"tags":[],"class_list":["post-8059","post","type-post","status-publish","format-standard","hentry","category-noticias"],"_links":{"self":[{"href":"https:\/\/blogdorogeriogomes.com.br\/noticias\/wp-json\/wp\/v2\/posts\/8059","targetHints":{"allow":["GET"]}}],"collection":[{"href":"https:\/\/blogdorogeriogomes.com.br\/noticias\/wp-json\/wp\/v2\/posts"}],"about":[{"href":"https:\/\/blogdorogeriogomes.com.br\/noticias\/wp-json\/wp\/v2\/types\/post"}],"author":[{"embeddable":true,"href":"https:\/\/blogdorogeriogomes.com.br\/noticias\/wp-json\/wp\/v2\/users\/1"}],"replies":[{"embeddable":true,"href":"https:\/\/blogdorogeriogomes.com.br\/noticias\/wp-json\/wp\/v2\/comments?post=8059"}],"version-history":[{"count":1,"href":"https:\/\/blogdorogeriogomes.com.br\/noticias\/wp-json\/wp\/v2\/posts\/8059\/revisions"}],"predecessor-version":[{"id":8061,"href":"https:\/\/blogdorogeriogomes.com.br\/noticias\/wp-json\/wp\/v2\/posts\/8059\/revisions\/8061"}],"wp:attachment":[{"href":"https:\/\/blogdorogeriogomes.com.br\/noticias\/wp-json\/wp\/v2\/media?parent=8059"}],"wp:term":[{"taxonomy":"category","embeddable":true,"href":"https:\/\/blogdorogeriogomes.com.br\/noticias\/wp-json\/wp\/v2\/categories?post=8059"},{"taxonomy":"post_tag","embeddable":true,"href":"https:\/\/blogdorogeriogomes.com.br\/noticias\/wp-json\/wp\/v2\/tags?post=8059"}],"curies":[{"name":"wp","href":"https:\/\/api.w.org\/{rel}","templated":true}]}}