{"id":8062,"date":"2018-02-01T09:06:58","date_gmt":"2018-02-01T09:06:58","guid":{"rendered":"http:\/\/blogdorogeriogomes.com.br\/?p=8062"},"modified":"2018-02-01T09:06:58","modified_gmt":"2018-02-01T09:06:58","slug":"mpf-reune-orgaos-de-transito-para-resolver-polemica-sobre-seguro-dpvat","status":"publish","type":"post","link":"https:\/\/blogdorogeriogomes.com.br\/noticias\/2018\/02\/mpf-reune-orgaos-de-transito-para-resolver-polemica-sobre-seguro-dpvat\/","title":{"rendered":"MPF re\u00fane \u00f3rg\u00e3os de tr\u00e2nsito para resolver pol\u00eamica sobre seguro DPVAT"},"content":{"rendered":"<p><img loading=\"lazy\" decoding=\"async\" class=\"alignnone size-full wp-image-8063\" src=\"http:\/\/blogdorogeriogomes.com.br\/wp-content\/uploads\/2018\/02\/images-19.jpeg\" alt=\"images (19)\" width=\"275\" height=\"183\" \/><\/p>\n<p><span style=\"font-weight: 400;\">Ficou para a pr\u00f3xima segunda-feira, dia 5 de fevereiro, a reuni\u00e3o convocada pelo Minist\u00e9rio P\u00fablico Federal do Cear\u00e1 (MPF-CE) com a Seguradora L\u00edder, o Departamento Estadual de Tr\u00e2nsito do Cear\u00e1 (Detran-CE), a Pol\u00edcia Rodovi\u00e1ria Federal e da Autarquia Municipal de Tr\u00e2nsito de Fortaleza (AMC). O encontro ter\u00e1 o objetivo de dar fim \u00e0 pol\u00eamica da cobran\u00e7a antecipada do seguro DPVAT dos ve\u00edculos no Cear\u00e1.<\/span><\/p>\n<p><span style=\"font-weight: 400;\">O procurador da Rep\u00fablica, Oscar Costa Filho, convocou a reuni\u00e3o ap\u00f3s dar a recomenda\u00e7\u00e3o para que a Seguradora L\u00edder torne sem efeito a antecipa\u00e7\u00e3o obrigat\u00f3ria do pagamento da taxa do DPVAT prevista para o \u00faltimo dia 31 de janeiro.<\/span><\/p>\n","protected":false},"excerpt":{"rendered":"<p>Ficou para a pr\u00f3xima segunda-feira, dia 5 de fevereiro, a reuni\u00e3o convocada pelo Minist\u00e9rio P\u00fablico Federal do Cear\u00e1 (MPF-CE) com a Seguradora L\u00edder, o Departamento Estadual de Tr\u00e2nsito do Cear\u00e1 (Detran-CE), a Pol\u00edcia Rodovi\u00e1ria Federal e da Autarquia Municipal de Tr\u00e2nsito de Fortaleza (AMC). O encontro ter\u00e1 o objetivo de dar fim \u00e0 pol\u00eamica da cobran\u00e7a antecipada do seguro DPVAT dos ve\u00edculos no Cear\u00e1. O procurador da Rep\u00fablica, Oscar Costa Filho, convocou a reuni\u00e3o ap\u00f3s dar a recomenda\u00e7\u00e3o para&hellip;<\/p>\n","protected":false},"author":1,"featured_media":0,"comment_status":"open","ping_status":"open","sticky":false,"template":"","format":"standard","meta":{"footnotes":""},"categories":[1],"tags":[],"class_list":["post-8062","post","type-post","status-publish","format-standard","hentry","category-noticias"],"_links":{"self":[{"href":"https:\/\/blogdorogeriogomes.com.br\/noticias\/wp-json\/wp\/v2\/posts\/8062","targetHints":{"allow":["GET"]}}],"collection":[{"href":"https:\/\/blogdorogeriogomes.com.br\/noticias\/wp-json\/wp\/v2\/posts"}],"about":[{"href":"https:\/\/blogdorogeriogomes.com.br\/noticias\/wp-json\/wp\/v2\/types\/post"}],"author":[{"embeddable":true,"href":"https:\/\/blogdorogeriogomes.com.br\/noticias\/wp-json\/wp\/v2\/users\/1"}],"replies":[{"embeddable":true,"href":"https:\/\/blogdorogeriogomes.com.br\/noticias\/wp-json\/wp\/v2\/comments?post=8062"}],"version-history":[{"count":1,"href":"https:\/\/blogdorogeriogomes.com.br\/noticias\/wp-json\/wp\/v2\/posts\/8062\/revisions"}],"predecessor-version":[{"id":8064,"href":"https:\/\/blogdorogeriogomes.com.br\/noticias\/wp-json\/wp\/v2\/posts\/8062\/revisions\/8064"}],"wp:attachment":[{"href":"https:\/\/blogdorogeriogomes.com.br\/noticias\/wp-json\/wp\/v2\/media?parent=8062"}],"wp:term":[{"taxonomy":"category","embeddable":true,"href":"https:\/\/blogdorogeriogomes.com.br\/noticias\/wp-json\/wp\/v2\/categories?post=8062"},{"taxonomy":"post_tag","embeddable":true,"href":"https:\/\/blogdorogeriogomes.com.br\/noticias\/wp-json\/wp\/v2\/tags?post=8062"}],"curies":[{"name":"wp","href":"https:\/\/api.w.org\/{rel}","templated":true}]}}