{"id":8065,"date":"2018-02-01T18:13:09","date_gmt":"2018-02-01T18:13:09","guid":{"rendered":"http:\/\/blogdorogeriogomes.com.br\/?p=8065"},"modified":"2018-02-01T18:13:09","modified_gmt":"2018-02-01T18:13:09","slug":"prefeitura-vai-convocar-mais-guardas-municipais-em-fortaleza","status":"publish","type":"post","link":"https:\/\/blogdorogeriogomes.com.br\/noticias\/2018\/02\/prefeitura-vai-convocar-mais-guardas-municipais-em-fortaleza\/","title":{"rendered":"Prefeitura vai convocar mais guardas municipais em Fortaleza"},"content":{"rendered":"<p><img loading=\"lazy\" decoding=\"async\" class=\"alignnone size-medium wp-image-8066\" src=\"http:\/\/blogdorogeriogomes.com.br\/wp-content\/uploads\/2018\/02\/images-20-300x225.jpeg\" alt=\"images (20)\" width=\"300\" height=\"225\" \/><\/p>\n<p><span style=\"font-weight: 400;\">O prefeito de Fortaleza, Roberto Cl\u00e1udio, aproveitou o retorno dos vereadores aos trabalhos na C\u00e2mara Municipal, nesta quinta-feira, dia 1\u00b0 de fevereiro, para anunciar que vai convocar o restante dos concursados da Guarda Municipal. Ser\u00e3o mais 500 agentes chamados a partir de fevereiro.<\/span><\/p>\n<p><span style=\"font-weight: 400;\">\u201cOs guardas municipais tamb\u00e9m v\u00e3o integrar o programa das c\u00e9lulas de prote\u00e7\u00e3o nos bairros de maior vulnerabilidade social de Fortaleza\u201d, informou Roberto Cl\u00e1udio.<\/span><\/p>\n<p><span style=\"font-weight: 400;\">O Munic\u00edpio ainda anunciou uma forma de participa\u00e7\u00e3o popular atrav\u00e9s de totens, que ser\u00e3o distribu\u00eddos pela cidade. \u201cAs pessoas possam sugerir projetos a serem encaminhados \u00e0 Prefeitura ou \u00e0 C\u00e2mara Municipal\u201d, disse Salmito Filho, presidente da C\u00e2mara Municipal de Fortaleza.<\/span><\/p>\n","protected":false},"excerpt":{"rendered":"<p>O prefeito de Fortaleza, Roberto Cl\u00e1udio, aproveitou o retorno dos vereadores aos trabalhos na C\u00e2mara Municipal, nesta quinta-feira, dia 1\u00b0 de fevereiro, para anunciar que vai convocar o restante dos concursados da Guarda Municipal. Ser\u00e3o mais 500 agentes chamados a partir de fevereiro. \u201cOs guardas municipais tamb\u00e9m v\u00e3o integrar o programa das c\u00e9lulas de prote\u00e7\u00e3o nos bairros de maior vulnerabilidade social de Fortaleza\u201d, informou Roberto Cl\u00e1udio. O Munic\u00edpio ainda anunciou uma forma de participa\u00e7\u00e3o popular atrav\u00e9s de totens, que&hellip;<\/p>\n","protected":false},"author":1,"featured_media":0,"comment_status":"open","ping_status":"open","sticky":false,"template":"","format":"standard","meta":{"footnotes":""},"categories":[1],"tags":[],"class_list":["post-8065","post","type-post","status-publish","format-standard","hentry","category-noticias"],"_links":{"self":[{"href":"https:\/\/blogdorogeriogomes.com.br\/noticias\/wp-json\/wp\/v2\/posts\/8065","targetHints":{"allow":["GET"]}}],"collection":[{"href":"https:\/\/blogdorogeriogomes.com.br\/noticias\/wp-json\/wp\/v2\/posts"}],"about":[{"href":"https:\/\/blogdorogeriogomes.com.br\/noticias\/wp-json\/wp\/v2\/types\/post"}],"author":[{"embeddable":true,"href":"https:\/\/blogdorogeriogomes.com.br\/noticias\/wp-json\/wp\/v2\/users\/1"}],"replies":[{"embeddable":true,"href":"https:\/\/blogdorogeriogomes.com.br\/noticias\/wp-json\/wp\/v2\/comments?post=8065"}],"version-history":[{"count":1,"href":"https:\/\/blogdorogeriogomes.com.br\/noticias\/wp-json\/wp\/v2\/posts\/8065\/revisions"}],"predecessor-version":[{"id":8067,"href":"https:\/\/blogdorogeriogomes.com.br\/noticias\/wp-json\/wp\/v2\/posts\/8065\/revisions\/8067"}],"wp:attachment":[{"href":"https:\/\/blogdorogeriogomes.com.br\/noticias\/wp-json\/wp\/v2\/media?parent=8065"}],"wp:term":[{"taxonomy":"category","embeddable":true,"href":"https:\/\/blogdorogeriogomes.com.br\/noticias\/wp-json\/wp\/v2\/categories?post=8065"},{"taxonomy":"post_tag","embeddable":true,"href":"https:\/\/blogdorogeriogomes.com.br\/noticias\/wp-json\/wp\/v2\/tags?post=8065"}],"curies":[{"name":"wp","href":"https:\/\/api.w.org\/{rel}","templated":true}]}}