{"id":8068,"date":"2018-02-01T20:42:23","date_gmt":"2018-02-01T20:42:23","guid":{"rendered":"http:\/\/blogdorogeriogomes.com.br\/?p=8068"},"modified":"2018-02-01T20:42:23","modified_gmt":"2018-02-01T20:42:23","slug":"secretaria-da-justica-pede-seis-meses-para-resolver-o-problema-de-presos-em-delegacias","status":"publish","type":"post","link":"https:\/\/blogdorogeriogomes.com.br\/noticias\/2018\/02\/secretaria-da-justica-pede-seis-meses-para-resolver-o-problema-de-presos-em-delegacias\/","title":{"rendered":"Secretaria da Justi\u00e7a pede seis meses para resolver o problema de presos em delegacias"},"content":{"rendered":"<p><img loading=\"lazy\" decoding=\"async\" class=\"alignnone size-medium wp-image-8069\" src=\"http:\/\/blogdorogeriogomes.com.br\/wp-content\/uploads\/2018\/02\/images-21-300x200.jpeg\" alt=\"images (21)\" width=\"300\" height=\"200\" srcset=\"https:\/\/blogdorogeriogomes.com.br\/noticias\/wp-content\/uploads\/2018\/02\/images-21-300x200.jpeg 300w, https:\/\/blogdorogeriogomes.com.br\/noticias\/wp-content\/uploads\/2018\/02\/images-21.jpeg 470w\" sizes=\"auto, (max-width: 300px) 100vw, 300px\" \/><\/p>\n<p><span style=\"font-weight: 400;\">A reivindica\u00e7\u00e3o de retirar os presos de delegacias da Capital e do interior est\u00e1 com prazo para ser atendida. De acordo com a secret\u00e1ria da Justi\u00e7a do Cear\u00e1, Socorro Fran\u00e7a, h\u00e1 um compromisso firmado com a Ordem dos Advogados do Brasil &#8211; Sec\u00e7\u00e3o Cear\u00e1 para que a medida seja tomada efetivamente num prazo de seis meses.<\/span><\/p>\n<p><span style=\"font-weight: 400;\">O excesso de presos nas delegacias distritais atrapalha o trabalho investigativo dos policiais civis e amea\u00e7a a popula\u00e7\u00e3o vizinha, com a constante amea\u00e7a de fugas.<\/span><\/p>\n<p><span style=\"font-weight: 400;\">A conclus\u00e3o de novas unidades penitenci\u00e1rias no Estado j\u00e1 em execu\u00e7\u00e3o \u00e9 a forma a ser utilizada pelo Governo para resolver o problema dos presos nas celas das delegacias, tamb\u00e9m questionado pelo Sindicato dos Policiais Civis.<\/span><\/p>\n","protected":false},"excerpt":{"rendered":"<p>A reivindica\u00e7\u00e3o de retirar os presos de delegacias da Capital e do interior est\u00e1 com prazo para ser atendida. De acordo com a secret\u00e1ria da Justi\u00e7a do Cear\u00e1, Socorro Fran\u00e7a, h\u00e1 um compromisso firmado com a Ordem dos Advogados do Brasil &#8211; Sec\u00e7\u00e3o Cear\u00e1 para que a medida seja tomada efetivamente num prazo de seis meses. O excesso de presos nas delegacias distritais atrapalha o trabalho investigativo dos policiais civis e amea\u00e7a a popula\u00e7\u00e3o vizinha, com a constante amea\u00e7a&hellip;<\/p>\n","protected":false},"author":1,"featured_media":0,"comment_status":"open","ping_status":"open","sticky":false,"template":"","format":"standard","meta":{"footnotes":""},"categories":[1],"tags":[],"class_list":["post-8068","post","type-post","status-publish","format-standard","hentry","category-noticias"],"_links":{"self":[{"href":"https:\/\/blogdorogeriogomes.com.br\/noticias\/wp-json\/wp\/v2\/posts\/8068","targetHints":{"allow":["GET"]}}],"collection":[{"href":"https:\/\/blogdorogeriogomes.com.br\/noticias\/wp-json\/wp\/v2\/posts"}],"about":[{"href":"https:\/\/blogdorogeriogomes.com.br\/noticias\/wp-json\/wp\/v2\/types\/post"}],"author":[{"embeddable":true,"href":"https:\/\/blogdorogeriogomes.com.br\/noticias\/wp-json\/wp\/v2\/users\/1"}],"replies":[{"embeddable":true,"href":"https:\/\/blogdorogeriogomes.com.br\/noticias\/wp-json\/wp\/v2\/comments?post=8068"}],"version-history":[{"count":1,"href":"https:\/\/blogdorogeriogomes.com.br\/noticias\/wp-json\/wp\/v2\/posts\/8068\/revisions"}],"predecessor-version":[{"id":8070,"href":"https:\/\/blogdorogeriogomes.com.br\/noticias\/wp-json\/wp\/v2\/posts\/8068\/revisions\/8070"}],"wp:attachment":[{"href":"https:\/\/blogdorogeriogomes.com.br\/noticias\/wp-json\/wp\/v2\/media?parent=8068"}],"wp:term":[{"taxonomy":"category","embeddable":true,"href":"https:\/\/blogdorogeriogomes.com.br\/noticias\/wp-json\/wp\/v2\/categories?post=8068"},{"taxonomy":"post_tag","embeddable":true,"href":"https:\/\/blogdorogeriogomes.com.br\/noticias\/wp-json\/wp\/v2\/tags?post=8068"}],"curies":[{"name":"wp","href":"https:\/\/api.w.org\/{rel}","templated":true}]}}