{"id":8071,"date":"2018-02-02T08:52:40","date_gmt":"2018-02-02T08:52:40","guid":{"rendered":"http:\/\/blogdorogeriogomes.com.br\/?p=8071"},"modified":"2018-02-02T08:52:40","modified_gmt":"2018-02-02T08:52:40","slug":"decisao-de-capitao-wagner-em-apoiar-bolsonaro-atrapalha-ainda-mais-a-oposicao-local","status":"publish","type":"post","link":"https:\/\/blogdorogeriogomes.com.br\/noticias\/2018\/02\/decisao-de-capitao-wagner-em-apoiar-bolsonaro-atrapalha-ainda-mais-a-oposicao-local\/","title":{"rendered":"Decis\u00e3o de Capit\u00e3o Wagner em apoiar Bolsonaro atrapalha ainda mais a oposi\u00e7\u00e3o local"},"content":{"rendered":"<p><img loading=\"lazy\" decoding=\"async\" class=\"alignnone size-medium wp-image-8072\" src=\"http:\/\/blogdorogeriogomes.com.br\/wp-content\/uploads\/2018\/02\/unnamed-4-300x164.jpg\" alt=\"unnamed (4)\" width=\"300\" height=\"164\" srcset=\"https:\/\/blogdorogeriogomes.com.br\/noticias\/wp-content\/uploads\/2018\/02\/unnamed-4-300x164.jpg 300w, https:\/\/blogdorogeriogomes.com.br\/noticias\/wp-content\/uploads\/2018\/02\/unnamed-4.jpg 518w\" sizes=\"auto, (max-width: 300px) 100vw, 300px\" \/><\/p>\n<p><span style=\"font-weight: 400;\">O deputado estadual Capit\u00e3o Wagner, que est\u00e1 indo para o PROS, confirmou que vai formar um palanque no Cear\u00e1 para defender a candidatura do deputado federal Jair Bolsonaro (PSL) para a Presid\u00eancia da Rep\u00fablica. Wagner diz se identificar com os ideais propostos por Bolsonaro.<\/span><\/p>\n<p><span style=\"font-weight: 400;\">No entanto, a escolha de Capit\u00e3o Wagner desagrada setores da oposi\u00e7\u00e3o local ao governador Camilo Santana. O principal deles \u00e9 o senador Tasso Jereissati (PSDB). O tucano chegou at\u00e9 apontar o nome de Wagner para concorrer como candidato ao Governo do Estado em outubro. Mas Tasso n\u00e3o gosta da ideia do palanque para Bolsonaro.<\/span><\/p>\n<p><span style=\"font-weight: 400;\">Agora, que decidiu fechar com Bolsonaro, Capit\u00e3o Wagner embolou de vez a situa\u00e7\u00e3o da oposi\u00e7\u00e3o, que continua sem candidato para a disputa no Cear\u00e1.<\/span><\/p>\n<p><span style=\"font-weight: 400;\">Outro fator \u00e9 que o Capit\u00e3o pode ganhar simpatia pelo lado de apoiar Bolsonaro para presidente. Mas por outro, deve afastar parte do eleitorado que n\u00e3o aceita as ideias radicais do pr\u00e9 candidato do PSL. Wagner deu, realmente, um passo radical \u00e0 direita.<\/span><\/p>\n","protected":false},"excerpt":{"rendered":"<p>O deputado estadual Capit\u00e3o Wagner, que est\u00e1 indo para o PROS, confirmou que vai formar um palanque no Cear\u00e1 para defender a candidatura do deputado federal Jair Bolsonaro (PSL) para a Presid\u00eancia da Rep\u00fablica. Wagner diz se identificar com os ideais propostos por Bolsonaro. No entanto, a escolha de Capit\u00e3o Wagner desagrada setores da oposi\u00e7\u00e3o local ao governador Camilo Santana. O principal deles \u00e9 o senador Tasso Jereissati (PSDB). O tucano chegou at\u00e9 apontar o nome de Wagner para&hellip;<\/p>\n","protected":false},"author":1,"featured_media":0,"comment_status":"open","ping_status":"open","sticky":false,"template":"","format":"standard","meta":{"footnotes":""},"categories":[1],"tags":[],"class_list":["post-8071","post","type-post","status-publish","format-standard","hentry","category-noticias"],"_links":{"self":[{"href":"https:\/\/blogdorogeriogomes.com.br\/noticias\/wp-json\/wp\/v2\/posts\/8071","targetHints":{"allow":["GET"]}}],"collection":[{"href":"https:\/\/blogdorogeriogomes.com.br\/noticias\/wp-json\/wp\/v2\/posts"}],"about":[{"href":"https:\/\/blogdorogeriogomes.com.br\/noticias\/wp-json\/wp\/v2\/types\/post"}],"author":[{"embeddable":true,"href":"https:\/\/blogdorogeriogomes.com.br\/noticias\/wp-json\/wp\/v2\/users\/1"}],"replies":[{"embeddable":true,"href":"https:\/\/blogdorogeriogomes.com.br\/noticias\/wp-json\/wp\/v2\/comments?post=8071"}],"version-history":[{"count":1,"href":"https:\/\/blogdorogeriogomes.com.br\/noticias\/wp-json\/wp\/v2\/posts\/8071\/revisions"}],"predecessor-version":[{"id":8073,"href":"https:\/\/blogdorogeriogomes.com.br\/noticias\/wp-json\/wp\/v2\/posts\/8071\/revisions\/8073"}],"wp:attachment":[{"href":"https:\/\/blogdorogeriogomes.com.br\/noticias\/wp-json\/wp\/v2\/media?parent=8071"}],"wp:term":[{"taxonomy":"category","embeddable":true,"href":"https:\/\/blogdorogeriogomes.com.br\/noticias\/wp-json\/wp\/v2\/categories?post=8071"},{"taxonomy":"post_tag","embeddable":true,"href":"https:\/\/blogdorogeriogomes.com.br\/noticias\/wp-json\/wp\/v2\/tags?post=8071"}],"curies":[{"name":"wp","href":"https:\/\/api.w.org\/{rel}","templated":true}]}}