{"id":8074,"date":"2018-02-02T09:09:29","date_gmt":"2018-02-02T09:09:29","guid":{"rendered":"http:\/\/blogdorogeriogomes.com.br\/?p=8074"},"modified":"2018-02-02T09:09:29","modified_gmt":"2018-02-02T09:09:29","slug":"michel-temer-passa-nesta-sexta-feira-por-juazeiro-do-norte","status":"publish","type":"post","link":"https:\/\/blogdorogeriogomes.com.br\/noticias\/2018\/02\/michel-temer-passa-nesta-sexta-feira-por-juazeiro-do-norte\/","title":{"rendered":"Michel Temer passa nesta sexta-feira por Juazeiro do Norte"},"content":{"rendered":"<p><img loading=\"lazy\" decoding=\"async\" class=\"alignnone size-medium wp-image-8075\" src=\"http:\/\/blogdorogeriogomes.com.br\/wp-content\/uploads\/2018\/02\/unnamed-5-300x151.jpg\" alt=\"unnamed (5)\" width=\"300\" height=\"151\" srcset=\"https:\/\/blogdorogeriogomes.com.br\/noticias\/wp-content\/uploads\/2018\/02\/unnamed-5-300x151.jpg 300w, https:\/\/blogdorogeriogomes.com.br\/noticias\/wp-content\/uploads\/2018\/02\/unnamed-5.jpg 541w\" sizes=\"auto, (max-width: 300px) 100vw, 300px\" \/><\/p>\n<p><span style=\"font-weight: 400;\">O presidente da Rep\u00fablica, Michel Temer, passa nesta sexta, dia 2 de fevereiro, por Juazeiro do Norte, na Regi\u00e3o do Cariri. Ao lado do Ministro dos Transportes, Portos e Avia\u00e7\u00e3o, Maur\u00edcio Quintella, Temer assina ordem de servi\u00e7o para requalifica\u00e7\u00e3o da pista e p\u00e1tio de aeronaves do Aeroporto Regional do Cariri. O presidente do Senado Federal, Eun\u00edcio Oliveira, deve participar do evento.<\/span><\/p>\n<p><span style=\"font-weight: 400;\">De Juazeiro do Norte, Michel Temer segue para a inaugura\u00e7\u00e3o da segunda esta\u00e7\u00e3o de bombeamento do Eixo Norte da Transposi\u00e7\u00e3o do Rio S\u00e3o Francisco, que vai abastecer o Cear\u00e1, por meio do reservat\u00f3rio de Jati, no Cariri. A solenidade ser\u00e1 em Cabrob\u00f3, no sert\u00e3o de Pernambuco.<\/span><\/p>\n<p><span style=\"font-weight: 400;\">Michel Temer ainda ter\u00e1 as companhias dos ministros da Integra\u00e7\u00e3o, H\u00e9lder Barbalho, e das Minas e Energia, Fernando Bezerra Filho.<\/span><\/p>\n","protected":false},"excerpt":{"rendered":"<p>O presidente da Rep\u00fablica, Michel Temer, passa nesta sexta, dia 2 de fevereiro, por Juazeiro do Norte, na Regi\u00e3o do Cariri. Ao lado do Ministro dos Transportes, Portos e Avia\u00e7\u00e3o, Maur\u00edcio Quintella, Temer assina ordem de servi\u00e7o para requalifica\u00e7\u00e3o da pista e p\u00e1tio de aeronaves do Aeroporto Regional do Cariri. O presidente do Senado Federal, Eun\u00edcio Oliveira, deve participar do evento. De Juazeiro do Norte, Michel Temer segue para a inaugura\u00e7\u00e3o da segunda esta\u00e7\u00e3o de bombeamento do Eixo Norte&hellip;<\/p>\n","protected":false},"author":1,"featured_media":0,"comment_status":"open","ping_status":"open","sticky":false,"template":"","format":"standard","meta":{"footnotes":""},"categories":[1],"tags":[],"class_list":["post-8074","post","type-post","status-publish","format-standard","hentry","category-noticias"],"_links":{"self":[{"href":"https:\/\/blogdorogeriogomes.com.br\/noticias\/wp-json\/wp\/v2\/posts\/8074","targetHints":{"allow":["GET"]}}],"collection":[{"href":"https:\/\/blogdorogeriogomes.com.br\/noticias\/wp-json\/wp\/v2\/posts"}],"about":[{"href":"https:\/\/blogdorogeriogomes.com.br\/noticias\/wp-json\/wp\/v2\/types\/post"}],"author":[{"embeddable":true,"href":"https:\/\/blogdorogeriogomes.com.br\/noticias\/wp-json\/wp\/v2\/users\/1"}],"replies":[{"embeddable":true,"href":"https:\/\/blogdorogeriogomes.com.br\/noticias\/wp-json\/wp\/v2\/comments?post=8074"}],"version-history":[{"count":1,"href":"https:\/\/blogdorogeriogomes.com.br\/noticias\/wp-json\/wp\/v2\/posts\/8074\/revisions"}],"predecessor-version":[{"id":8076,"href":"https:\/\/blogdorogeriogomes.com.br\/noticias\/wp-json\/wp\/v2\/posts\/8074\/revisions\/8076"}],"wp:attachment":[{"href":"https:\/\/blogdorogeriogomes.com.br\/noticias\/wp-json\/wp\/v2\/media?parent=8074"}],"wp:term":[{"taxonomy":"category","embeddable":true,"href":"https:\/\/blogdorogeriogomes.com.br\/noticias\/wp-json\/wp\/v2\/categories?post=8074"},{"taxonomy":"post_tag","embeddable":true,"href":"https:\/\/blogdorogeriogomes.com.br\/noticias\/wp-json\/wp\/v2\/tags?post=8074"}],"curies":[{"name":"wp","href":"https:\/\/api.w.org\/{rel}","templated":true}]}}