{"id":8078,"date":"2018-02-05T08:43:44","date_gmt":"2018-02-05T08:43:44","guid":{"rendered":"http:\/\/blogdorogeriogomes.com.br\/?p=8078"},"modified":"2018-02-05T08:43:44","modified_gmt":"2018-02-05T08:43:44","slug":"congresso-volta-as-atividades-com-reforma-da-previdencia-em-pauta","status":"publish","type":"post","link":"https:\/\/blogdorogeriogomes.com.br\/noticias\/2018\/02\/congresso-volta-as-atividades-com-reforma-da-previdencia-em-pauta\/","title":{"rendered":"Congresso volta \u00e0s atividades com Reforma da Previd\u00eancia em pauta"},"content":{"rendered":"<p><img loading=\"lazy\" decoding=\"async\" class=\"alignnone size-medium wp-image-8079\" src=\"http:\/\/blogdorogeriogomes.com.br\/wp-content\/uploads\/2018\/02\/images-22-300x199.jpeg\" alt=\"images (22)\" width=\"300\" height=\"199\" srcset=\"https:\/\/blogdorogeriogomes.com.br\/noticias\/wp-content\/uploads\/2018\/02\/images-22-300x199.jpeg 300w, https:\/\/blogdorogeriogomes.com.br\/noticias\/wp-content\/uploads\/2018\/02\/images-22.jpeg 471w\" sizes=\"auto, (max-width: 300px) 100vw, 300px\" \/><\/p>\n<p><span style=\"font-weight: 400;\">As atividades do Congresso Nacional ser\u00e3o retomadas nesta segunda-feira, dia 5 de fevereiro. Na pauta do Senado Federal e da C\u00e2mara dos Deputados, al\u00e9m da reforma da Previd\u00eancia, ter\u00e3o destaque os temas ligados \u00e0 seguran\u00e7a p\u00fablica. Os trabalhos em um ano em que o ritmo das vota\u00e7\u00f5es deve ser afetado pela campanha para as elei\u00e7\u00f5es de outubro. <\/span><\/p>\n<p><span style=\"font-weight: 400;\">Quanto a reforma da Previd\u00eancia, o Governo Federal sabe que ainda n\u00e3o tem votos suficientes para aprovar a proposta como est\u00e1 apresentada. Mas deve pagar pra ver.<\/span><\/p>\n<p><span style=\"font-weight: 400;\">Sobre seguran\u00e7a p\u00fablica, tanto o presidente da C\u00e2mara, Rodrigo Maia, quanto do Senado, Eun\u00edcio Oliveira, devem trazer propostas para melhorias no setor em n\u00edvel nacional. O ano \u00e9 eleitoral e Rodrigo Maia articula uma eventual candidatura \u00e0 Presid\u00eancia, enquanto Eun\u00edcio Oliveira vai tentar a reelei\u00e7\u00e3o como senador.<\/span><\/p>\n","protected":false},"excerpt":{"rendered":"<p>As atividades do Congresso Nacional ser\u00e3o retomadas nesta segunda-feira, dia 5 de fevereiro. Na pauta do Senado Federal e da C\u00e2mara dos Deputados, al\u00e9m da reforma da Previd\u00eancia, ter\u00e3o destaque os temas ligados \u00e0 seguran\u00e7a p\u00fablica. Os trabalhos em um ano em que o ritmo das vota\u00e7\u00f5es deve ser afetado pela campanha para as elei\u00e7\u00f5es de outubro. Quanto a reforma da Previd\u00eancia, o Governo Federal sabe que ainda n\u00e3o tem votos suficientes para aprovar a proposta como est\u00e1 apresentada.&hellip;<\/p>\n","protected":false},"author":1,"featured_media":0,"comment_status":"open","ping_status":"open","sticky":false,"template":"","format":"standard","meta":{"footnotes":""},"categories":[1],"tags":[],"class_list":["post-8078","post","type-post","status-publish","format-standard","hentry","category-noticias"],"_links":{"self":[{"href":"https:\/\/blogdorogeriogomes.com.br\/noticias\/wp-json\/wp\/v2\/posts\/8078","targetHints":{"allow":["GET"]}}],"collection":[{"href":"https:\/\/blogdorogeriogomes.com.br\/noticias\/wp-json\/wp\/v2\/posts"}],"about":[{"href":"https:\/\/blogdorogeriogomes.com.br\/noticias\/wp-json\/wp\/v2\/types\/post"}],"author":[{"embeddable":true,"href":"https:\/\/blogdorogeriogomes.com.br\/noticias\/wp-json\/wp\/v2\/users\/1"}],"replies":[{"embeddable":true,"href":"https:\/\/blogdorogeriogomes.com.br\/noticias\/wp-json\/wp\/v2\/comments?post=8078"}],"version-history":[{"count":1,"href":"https:\/\/blogdorogeriogomes.com.br\/noticias\/wp-json\/wp\/v2\/posts\/8078\/revisions"}],"predecessor-version":[{"id":8080,"href":"https:\/\/blogdorogeriogomes.com.br\/noticias\/wp-json\/wp\/v2\/posts\/8078\/revisions\/8080"}],"wp:attachment":[{"href":"https:\/\/blogdorogeriogomes.com.br\/noticias\/wp-json\/wp\/v2\/media?parent=8078"}],"wp:term":[{"taxonomy":"category","embeddable":true,"href":"https:\/\/blogdorogeriogomes.com.br\/noticias\/wp-json\/wp\/v2\/categories?post=8078"},{"taxonomy":"post_tag","embeddable":true,"href":"https:\/\/blogdorogeriogomes.com.br\/noticias\/wp-json\/wp\/v2\/tags?post=8078"}],"curies":[{"name":"wp","href":"https:\/\/api.w.org\/{rel}","templated":true}]}}